{"id":16095,"date":"2019-04-09T22:49:28","date_gmt":"2019-04-09T20:49:28","guid":{"rendered":"https:\/\/www.federacionfotovasca.org\/?p=16095"},"modified":"2019-04-29T18:26:31","modified_gmt":"2019-04-29T16:26:31","slug":"concurso-tolosa-herria-2019","status":"publish","type":"post","link":"https:\/\/blog.federacionfotovasca.org\/eu\/concurso-tolosa-herria-2019\/","title":{"rendered":"Concurso Tolosa Herria 2019"},"content":{"rendered":"<p><a href=\"https:\/\/targazki.com\/\" target=\"_blank\" rel=\"noopener noreferrer\"><img loading=\"lazy\" decoding=\"async\" class=\"alignnone size-full wp-image-10579\" src=\"https:\/\/www.federacionfotovasca.org\/wp-content\/uploads\/2016\/04\/Targazki.jpg\" alt=\"\" width=\"611\" height=\"154\" srcset=\"https:\/\/blog.federacionfotovasca.org\/wp-content\/uploads\/2016\/04\/Targazki.jpg 611w, https:\/\/blog.federacionfotovasca.org\/wp-content\/uploads\/2016\/04\/Targazki-300x76.jpg 300w\" sizes=\"auto, (max-width: 611px) 100vw, 611px\" \/><\/a><\/p>\n<p>Buenas, tenemos en marcha el concurso Tolosa Herria.<\/p>\n<p>Desde <strong>TARGAZKI<\/strong> convocamos el <strong>Concurso Fotogr\u00e1fico Tolosa herria<\/strong>. El concurso es clasificatorio para el certamen&nbsp;<a href=\"https:\/\/www.federacionfotovasca.org\/argizaiola\/bases-argizaiola\/\" target=\"_blank\" rel=\"noopener noreferrer\"><strong>Argizaiola<\/strong><\/a> con n\u00famero 007\/2019.<\/p>\n<p>Est\u00e1 abierto a todo el p\u00fablico y el tema es libre. Este a\u00f1o tambi\u00e9n hay premios especiales para los locales y los participantes j\u00f3venes de Tolosa <strong>\u00a1An\u00edmate participar!&nbsp;<\/strong><\/p>\n<p>La participaci\u00f3n es gratuita via web y el tema libre. Hay plazo hasta el 26 de mayo.<\/p>\n<div dir=\"auto\">Este es el enlace con las bases y el formulario de participaci\u00f3n:<\/div>\n<div dir=\"auto\"><span style=\"color: #333333;\">.<\/span><\/div>\n<div dir=\"auto\"><a href=\"https:\/\/targazki.com\/2019\/03\/31\/tolosa-herria-argazki-lehiaketa-2019\/\" target=\"_blank\" rel=\"noopener noreferrer\"><span style=\"color: #ccffff;\">https:\/\/targazki.com\/2019\/03\/<wbr>31\/tolosa-herria-argazki-<wbr>lehiaketa-2019\/<\/span><\/a><\/div>\n<div dir=\"auto\"><span style=\"color: #333333;\">.<\/span><\/div>\n<div dir=\"auto\"><a href=\"https:\/\/www.federacionfotovasca.org\/wp-content\/uploads\/2019\/04\/tolosaherria2019bases.pdf\" target=\"_blank\" rel=\"noopener noreferrer\"><span style=\"color: #ffcc99;\">Tolosa herria 2019 bases.pdf<\/span><\/a><\/div>\n<div dir=\"auto\">\n<h3 class=\"iw\"><span class=\"qu\" tabindex=\"-1\" role=\"gridcell\"><span class=\"gD\" data-hovercard-id=\"targazki@gmail.com\">Targazki Tolosaldeko Argazki Taldea<\/span><\/span><\/h3>\n<\/div>\n","protected":false},"excerpt":{"rendered":"<p>Buenas, tenemos en marcha el concurso Tolosa Herria. Desde TARGAZKI convocamos el Concurso Fotogr\u00e1fico Tolosa herria. El concurso es clasificatorio para el certamen&nbsp;Argizaiola con n\u00famero 007\/2019. Est\u00e1 abierto a todo el p\u00fablico y el tema es libre. Este a\u00f1o tambi\u00e9n &hellip; <a href=\"https:\/\/blog.federacionfotovasca.org\/eu\/concurso-tolosa-herria-2019\/\">Continue reading <span class=\"meta-nav\">&rarr;<\/span><\/a><\/p>\n","protected":false},"author":1,"featured_media":10579,"comment_status":"open","ping_status":"open","sticky":false,"template":"","format":"standard","meta":{"footnotes":""},"categories":[36],"tags":[419,147],"class_list":["post-16095","post","type-post","status-publish","format-standard","has-post-thumbnail","hentry","category-concursos","tag-concursos","tag-tolosa"],"_links":{"self":[{"href":"https:\/\/blog.federacionfotovasca.org\/eu\/wp-json\/wp\/v2\/posts\/16095","targetHints":{"allow":["GET"]}}],"collection":[{"href":"https:\/\/blog.federacionfotovasca.org\/eu\/wp-json\/wp\/v2\/posts"}],"about":[{"href":"https:\/\/blog.federacionfotovasca.org\/eu\/wp-json\/wp\/v2\/types\/post"}],"author":[{"embeddable":true,"href":"https:\/\/blog.federacionfotovasca.org\/eu\/wp-json\/wp\/v2\/users\/1"}],"replies":[{"embeddable":true,"href":"https:\/\/blog.federacionfotovasca.org\/eu\/wp-json\/wp\/v2\/comments?post=16095"}],"version-history":[{"count":1,"href":"https:\/\/blog.federacionfotovasca.org\/eu\/wp-json\/wp\/v2\/posts\/16095\/revisions"}],"predecessor-version":[{"id":16347,"href":"https:\/\/blog.federacionfotovasca.org\/eu\/wp-json\/wp\/v2\/posts\/16095\/revisions\/16347"}],"wp:featuredmedia":[{"embeddable":true,"href":"https:\/\/blog.federacionfotovasca.org\/eu\/wp-json\/wp\/v2\/media\/10579"}],"wp:attachment":[{"href":"https:\/\/blog.federacionfotovasca.org\/eu\/wp-json\/wp\/v2\/media?parent=16095"}],"wp:term":[{"taxonomy":"category","embeddable":true,"href":"https:\/\/blog.federacionfotovasca.org\/eu\/wp-json\/wp\/v2\/categories?post=16095"},{"taxonomy":"post_tag","embeddable":true,"href":"https:\/\/blog.federacionfotovasca.org\/eu\/wp-json\/wp\/v2\/tags?post=16095"}],"curies":[{"name":"wp","href":"https:\/\/api.w.org\/{rel}","templated":true}]}}