{"id":16102,"date":"2019-04-11T21:28:06","date_gmt":"2019-04-11T19:28:06","guid":{"rendered":"https:\/\/www.federacionfotovasca.org\/?p=16102"},"modified":"2019-04-29T18:26:12","modified_gmt":"2019-04-29T16:26:12","slug":"inauguracion-argi-arantzazu-inaugurazioa","status":"publish","type":"post","link":"https:\/\/blog.federacionfotovasca.org\/eu\/inauguracion-argi-arantzazu-inaugurazioa\/","title":{"rendered":"Inauguraci\u00f3n ARGI ARANTZAZU Inaugurazioa"},"content":{"rendered":"<p dir=\"ltr\">Hola,&nbsp;<a href=\"https:\/\/www.federacionfotovasca.org\/wp-content\/uploads\/2019\/04\/Inauguracion-ARGI-ARANTZAZU-Inaugurazioa.jpg\" target=\"_blank\" rel=\"noopener noreferrer\"><img loading=\"lazy\" decoding=\"async\" class=\"wp-image-16103 alignright\" src=\"https:\/\/www.federacionfotovasca.org\/wp-content\/uploads\/2019\/04\/Inauguracion-ARGI-ARANTZAZU-Inaugurazioa.jpg\" alt=\"\" width=\"220\" height=\"309\" srcset=\"https:\/\/blog.federacionfotovasca.org\/wp-content\/uploads\/2019\/04\/Inauguracion-ARGI-ARANTZAZU-Inaugurazioa.jpg 1790w, https:\/\/blog.federacionfotovasca.org\/wp-content\/uploads\/2019\/04\/Inauguracion-ARGI-ARANTZAZU-Inaugurazioa-300x422.jpg 300w, https:\/\/blog.federacionfotovasca.org\/wp-content\/uploads\/2019\/04\/Inauguracion-ARGI-ARANTZAZU-Inaugurazioa-620x871.jpg 620w, https:\/\/blog.federacionfotovasca.org\/wp-content\/uploads\/2019\/04\/Inauguracion-ARGI-ARANTZAZU-Inaugurazioa-768x1079.jpg 768w, https:\/\/blog.federacionfotovasca.org\/wp-content\/uploads\/2019\/04\/Inauguracion-ARGI-ARANTZAZU-Inaugurazioa-940x1321.jpg 940w\" sizes=\"auto, (max-width: 220px) 100vw, 220px\" \/><\/a><\/p>\n<p dir=\"ltr\"><span style=\"color: #ccffff;\">Elisa Gallego<\/span> y <span style=\"color: #ffcc00;\">Antonio Guerra<\/span> presentan \u2018Maqueta de un paisaje\u2019 y \u2018Comportamiento para un simulacro\u2019 en un formato de exposici\u00f3n a d\u00fao. Esta muestra es el fruto de dos semanas de trabajo realizado en el marco de la residencia art\u00edstica ARGI ARANTZAZU 2019, organizada por Fundaci\u00f3n Arantzazu Gaur e Ilunpetan Argazki Taldea.<\/p>\n<p>Los dos artistas abordan la fotograf\u00eda desde una perspectiva contempor\u00e1nea proponiendo una selecci\u00f3n de piezas en las que presentan el paisaje como una idea que surge a trav\u00e9s de la contemplaci\u00f3n y que es pensada como algo que puede construirse.<\/p>\n<p dir=\"ltr\">En \u2018Maqueta de un paisaje\u2019, Elisa Gallego propone usar la maqueta como herramienta de trabajo para materializar la idea-paisaje a escala reducida y \u2018Comportamiento para un simulacro\u2019 de Antonio Guerra, plantea la fotograf\u00eda como medio creador de una ilusi\u00f3n verdadera y el paisaje como una construcci\u00f3n social con capacidad ilusoria.<\/p>\n<p>La propuesta expositiva se culmina con una pieza realizada de manera conjunta en la que lxs artistas ubican una de las ic\u00f3nicas puntas de diamante de la fachada de la Bas\u00edlica de Arantzazu dentro de la sala de exposiciones para vincular el templo a su idea de paisaje.<\/p>\n<p>I<strong>nauguraci\u00f3n: viernes 12 de abril, a las 19:00h, en el Espacio Gandiaga de Arantzazu<\/strong><\/p>\n<hr>\n<p dir=\"ltr\">Kaixo,<\/p>\n<p dir=\"ltr\">Elisa Gallegok eta Antonio Guerrak \u2018Maqueta de un paisaje\u2019 eta \u2018Comportamiento para un simulacro\u2019 lanak aurkeztuko dituzte, binakako erakusketa batean. Erakusketa hau ARGI ARANTZAZU 2019ko egoitza artistikoaren testuinguruan egindako lana da, Arantzazu Gaur Fundazioak eta Ilunpetan Argazki Taldeak antolatutakoa.<\/p>\n<p>Bi artistek argazkigintza perspektiba garaikide batetik lantzen dute, pieza-aukeraketa bat proposatuz, non paisaia kontenplazioaren bidez agertzen den ideia bezala aurkezten duten eta eraiki daitekeen zerbait balitz bezala pentsatua izan den.<\/p>\n<p dir=\"ltr\">&#8216;Maqueta de un paisaje&#8217; lanean, Elisa Gallegok maketa lan-tresna gisa erabiltzea proposatu du, eskala murriztuan ideia-paisaia gauzatzeko eta \u2018Comportamiento para un simulacro\u2019 lanean Antonio Guerrak argazkigintza benetako ilusio sortzaile gisa eta, paisaia, ilusioz betetako eraikuntza sozial gisa planteatzen du.<\/p>\n<p>Erakusketa proposamena gorenera iritsiko da artistek elkarlanean egindako lan baten bidez, non Arantzazuko Basilikako aurrealdeko diamante itxurako punta ikonikoetako bat erakusketa-gela barruan kokatzen duten, tenplua beraien paisaiaren ideiarekin lotzeko.<\/p>\n<p><strong>Inaugurazioa:&nbsp;apirilaren 12an, 19:00etan, Arantzazuko Gandiaga Topagunean.<\/strong><\/p>\n<p><a href=\"https:\/\/www.federacionfotovasca.org\/wp-content\/uploads\/2019\/04\/ARGI-ARANTZAZU-maxresdefault.jpg\" target=\"_blank\" rel=\"noopener noreferrer\"><img loading=\"lazy\" decoding=\"async\" class=\"alignnone  wp-image-16105\" src=\"https:\/\/www.federacionfotovasca.org\/wp-content\/uploads\/2019\/04\/ARGI-ARANTZAZU-maxresdefault.jpg\" alt=\"\" width=\"516\" height=\"290\" srcset=\"https:\/\/blog.federacionfotovasca.org\/wp-content\/uploads\/2019\/04\/ARGI-ARANTZAZU-maxresdefault.jpg 1280w, https:\/\/blog.federacionfotovasca.org\/wp-content\/uploads\/2019\/04\/ARGI-ARANTZAZU-maxresdefault-300x169.jpg 300w, https:\/\/blog.federacionfotovasca.org\/wp-content\/uploads\/2019\/04\/ARGI-ARANTZAZU-maxresdefault-620x349.jpg 620w, https:\/\/blog.federacionfotovasca.org\/wp-content\/uploads\/2019\/04\/ARGI-ARANTZAZU-maxresdefault-768x432.jpg 768w, https:\/\/blog.federacionfotovasca.org\/wp-content\/uploads\/2019\/04\/ARGI-ARANTZAZU-maxresdefault-940x529.jpg 940w\" sizes=\"auto, (max-width: 516px) 100vw, 516px\" \/><\/a><\/p>\n<p class=\"p1\">A continuaci\u00f3n, os presentamos unos testimonios de Elisa Gallego y Antonio Guerra, que resumen la experiencia del d\u00fao de artistas al producir una exposici\u00f3n que trasciende los l\u00edmites de la fotograf\u00eda.<\/p>\n<p class=\"p1\">Jarraian, Elisa Gallegoren eta Antonio Guerraren testigantzak aurkezten dizkizuegu, artista-bikotearen esperientzia laburbiltzen duena, argazkiaren mugak gainditzen dituen erakusketa bat ekoiztean:<\/p>\n<p class=\"p1\"><b>ELISA GALLEGO PICARD<\/b><\/p>\n<p class=\"p3\"><b>\u201cMaqueta de un paisaje\u201d<\/b><\/p>\n<p><a href=\"https:\/\/www.federacionfotovasca.org\/wp-content\/uploads\/2019\/04\/ELISA-GALLEGO-PICARD.jpg\" target=\"_blank\" rel=\"noopener noreferrer\"><img loading=\"lazy\" decoding=\"async\" class=\"alignnone  wp-image-16106\" src=\"https:\/\/www.federacionfotovasca.org\/wp-content\/uploads\/2019\/04\/ELISA-GALLEGO-PICARD.jpg\" alt=\"\" width=\"339\" height=\"226\" srcset=\"https:\/\/blog.federacionfotovasca.org\/wp-content\/uploads\/2019\/04\/ELISA-GALLEGO-PICARD.jpg 850w, https:\/\/blog.federacionfotovasca.org\/wp-content\/uploads\/2019\/04\/ELISA-GALLEGO-PICARD-300x200.jpg 300w, https:\/\/blog.federacionfotovasca.org\/wp-content\/uploads\/2019\/04\/ELISA-GALLEGO-PICARD-620x414.jpg 620w, https:\/\/blog.federacionfotovasca.org\/wp-content\/uploads\/2019\/04\/ELISA-GALLEGO-PICARD-768x512.jpg 768w\" sizes=\"auto, (max-width: 339px) 100vw, 339px\" \/><\/a><\/p>\n<table cellspacing=\"0\" cellpadding=\"0\">\n<tbody>\n<tr>\n<td class=\"td1\" valign=\"top\">\n<table class=\"t1\" width=\"1627.0\" cellspacing=\"0\" cellpadding=\"0\">\n<tbody>\n<tr>\n<td class=\"td2\" valign=\"top\">\n<p class=\"p1\">La residencia en Arantzazu ha sido una experiencia intensa. Tanto por la oportunidad de estar d\u00eda y noche en un lugar tan significativo y compartir su rutina con los que est\u00e1n all\u00ed, como por la oportunidad de desarrollar y hacer crecer el proyecto seleccionado, con la libertad y la responsabilidad que supone, crear en un tiempo limitado y presentar, junto con Antonio Guerra, lo que se ha realizado. El que vaya a ver la exposici\u00f3n construir\u00e1 y se llevar\u00e1 sus propios paisajes, como no puede ser de otra manera. No se quedar\u00e1 indiferente.<\/p>\n<p class=\"p2\">\n<\/td>\n<\/tr>\n<\/tbody>\n<\/table>\n<table class=\"t1\" width=\"1627.0\" cellspacing=\"0\" cellpadding=\"0\">\n<tbody>\n<tr>\n<td class=\"td2\" valign=\"top\">\n<p class=\"p3\">Arantzazuko egoitza esperientzia bizia izan da. Gau eta egun leku esanguratsu batean egon eta bertan daudenekin partekatzeko aukera eskaini digulako, eta aukeratutako proiektua, askatasunez eta erantzukizunez, garatzeko eta hazteko aukera izateagatik, denbora mugatu batean sortzeko aukera emateagatik eta Antonio Guerrarekin batera egin dena aurkezteagatik. Erakusketa ikustera doanak bere paisaiak eraiki eta eramango ditu, beste era batera ezin zitekeenez izan. Ez da berdin geratuko.<\/p>\n<\/td>\n<\/tr>\n<\/tbody>\n<\/table>\n<\/td>\n<\/tr>\n<\/tbody>\n<\/table>\n<p class=\"p1\"><b>ANTONIO GUERRA<\/b><\/p>\n<p class=\"p3\"><b>\u201cComportamiento para un simulacro\u201d<\/b><\/p>\n<p><a href=\"https:\/\/www.federacionfotovasca.org\/wp-content\/uploads\/2019\/04\/ANTONIO-GUERRA.jpg\" target=\"_blank\" rel=\"noopener noreferrer\"><img loading=\"lazy\" decoding=\"async\" class=\"alignnone  wp-image-16107\" src=\"https:\/\/www.federacionfotovasca.org\/wp-content\/uploads\/2019\/04\/ANTONIO-GUERRA.jpg\" alt=\"\" width=\"334\" height=\"245\" srcset=\"https:\/\/blog.federacionfotovasca.org\/wp-content\/uploads\/2019\/04\/ANTONIO-GUERRA.jpg 1211w, https:\/\/blog.federacionfotovasca.org\/wp-content\/uploads\/2019\/04\/ANTONIO-GUERRA-300x220.jpg 300w, https:\/\/blog.federacionfotovasca.org\/wp-content\/uploads\/2019\/04\/ANTONIO-GUERRA-620x455.jpg 620w, https:\/\/blog.federacionfotovasca.org\/wp-content\/uploads\/2019\/04\/ANTONIO-GUERRA-768x563.jpg 768w, https:\/\/blog.federacionfotovasca.org\/wp-content\/uploads\/2019\/04\/ANTONIO-GUERRA-940x689.jpg 940w\" sizes=\"auto, (max-width: 334px) 100vw, 334px\" \/><\/a><\/p>\n<table cellspacing=\"0\" cellpadding=\"0\">\n<tbody>\n<tr>\n<td class=\"td1\" valign=\"top\">\n<table class=\"t1\" width=\"1627.0\" cellspacing=\"0\" cellpadding=\"0\">\n<tbody>\n<tr>\n<td class=\"td2\" valign=\"top\">\n<p class=\"p1\">Han sido 15 d\u00edas intensos donde he trabajado sobre la idea de paisaje e identidad para conectar mi obra con el entorno natural de Arantzazu. Durante los d\u00edas de residencia con Elisa, hemos puesto nuestro trabajo en com\u00fan y planteamos una exposici\u00f3n que convierte la sala en un espacio donde reinterpretar nuestra relaci\u00f3n con el entorno. A trav\u00e9s de fotograf\u00edas, que llegan a lo instalativo y escult\u00f3rico, busco nuevas asociaciones entre las obras, para promover el intercambio de informaci\u00f3n y me gustar\u00eda que el p\u00fablico pueda verse identificado, mediante su simbolog\u00eda, con el paisaje que nos rodea.<\/p>\n<\/td>\n<\/tr>\n<\/tbody>\n<\/table>\n<table class=\"t1\" width=\"1627.0\" cellspacing=\"0\" cellpadding=\"0\">\n<tbody>\n<tr>\n<td class=\"td2\" valign=\"top\">\n<p class=\"p2\">15 egun biziak izan dira paisaiaren eta identitatearen ideiaren inguruan lan eginaz, nire lana Arantzazuko ingurune naturalarekin lotzeko. Elisarekin egoitzan elkarbanatutako egunetan, elkarrekin lan egin dugu eta gela espazio bihurtzen duen erakusketa planteatu dugu, gure ingurunearekin dugun harremana berrinterpretatzeko. Instalazioetara eta eskulturara iristen diren argazkien bidez, eta elkarrizketa berriak bilatzen ditut lanen artean, informazio trukea sustatzeko, eta gustatuko litzaidake publikoa identifikatzea, bere sinbologiaren bidez, inguratzen gaituen paisaiarekin.<\/p>\n<\/td>\n<\/tr>\n<\/tbody>\n<\/table>\n<\/td>\n<\/tr>\n<\/tbody>\n<\/table>\n<p class=\"p1\"><b>PR\u00d3XIMA ACTIVIDAD \/\/ HURRENGO JARDUERA<\/b><\/p>\n<p class=\"p3\"><b>BookJockey&nbsp;&#8220;V de Bergara&#8221; by Dani G. Valero<\/b><\/p>\n<p class=\"p4\"><b>12 de abril \/\/ apirilak 12 \u00b7&nbsp;22:00h<\/b><\/p>\n<p><a href=\"https:\/\/www.federacionfotovasca.org\/wp-content\/uploads\/2019\/04\/BookJockey-Dani-G.-Valero.jpg\" target=\"_blank\" rel=\"noopener noreferrer\"><img loading=\"lazy\" decoding=\"async\" class=\"alignnone  wp-image-16108\" src=\"https:\/\/www.federacionfotovasca.org\/wp-content\/uploads\/2019\/04\/BookJockey-Dani-G.-Valero.jpg\" alt=\"\" width=\"276\" height=\"276\" srcset=\"https:\/\/blog.federacionfotovasca.org\/wp-content\/uploads\/2019\/04\/BookJockey-Dani-G.-Valero.jpg 1066w, https:\/\/blog.federacionfotovasca.org\/wp-content\/uploads\/2019\/04\/BookJockey-Dani-G.-Valero-300x300.jpg 300w, https:\/\/blog.federacionfotovasca.org\/wp-content\/uploads\/2019\/04\/BookJockey-Dani-G.-Valero-620x620.jpg 620w, https:\/\/blog.federacionfotovasca.org\/wp-content\/uploads\/2019\/04\/BookJockey-Dani-G.-Valero-768x768.jpg 768w, https:\/\/blog.federacionfotovasca.org\/wp-content\/uploads\/2019\/04\/BookJockey-Dani-G.-Valero-940x940.jpg 940w, https:\/\/blog.federacionfotovasca.org\/wp-content\/uploads\/2019\/04\/BookJockey-Dani-G.-Valero-160x160.jpg 160w, https:\/\/blog.federacionfotovasca.org\/wp-content\/uploads\/2019\/04\/BookJockey-Dani-G.-Valero-320x320.jpg 320w\" sizes=\"auto, (max-width: 276px) 100vw, 276px\" \/><\/a><\/p>\n<table cellspacing=\"0\" cellpadding=\"0\">\n<tbody>\n<tr>\n<td class=\"td1\" valign=\"top\">\n<table class=\"t1\" width=\"1627.0\" cellspacing=\"0\" cellpadding=\"0\">\n<tbody>\n<tr>\n<td class=\"td2\" valign=\"top\">\n<p class=\"p1\">La 4\u00aa edici\u00f3n de ARGI festibala ofrece una variedad cultural para todos los p\u00fablicos, convirtiendo a O\u00f1ati en un punto de encuentro imprescindible para lxs amantes de la fotograf\u00eda. \u00a1Os esperamos!<\/p>\n<\/td>\n<\/tr>\n<\/tbody>\n<\/table>\n<table class=\"t1\" width=\"1627.0\" cellspacing=\"0\" cellpadding=\"0\">\n<tbody>\n<tr>\n<td class=\"td2\" valign=\"top\">\n<p class=\"p2\">ARGI festibalaren 4. edizioak publiko guztientzako barietate kulturala eskaintzen du, eta O\u00f1ati argazkilaritza maite dutenentzat ezinbesteko topaleku bilakatu du.<\/p>\n<p class=\"p2\">Zain gaituzue!<\/p>\n<\/td>\n<\/tr>\n<\/tbody>\n<\/table>\n<\/td>\n<\/tr>\n<\/tbody>\n<\/table>\n","protected":false},"excerpt":{"rendered":"<p>Hola,&nbsp; Elisa Gallego y Antonio Guerra presentan \u2018Maqueta de un paisaje\u2019 y \u2018Comportamiento para un simulacro\u2019 en un formato de exposici\u00f3n a d\u00fao. Esta muestra es el fruto de dos semanas de trabajo realizado en el marco de la residencia &hellip; <a href=\"https:\/\/blog.federacionfotovasca.org\/eu\/inauguracion-argi-arantzazu-inaugurazioa\/\">Continue reading <span class=\"meta-nav\">&rarr;<\/span><\/a><\/p>\n","protected":false},"author":1,"featured_media":16103,"comment_status":"open","ping_status":"open","sticky":false,"template":"","format":"standard","meta":{"footnotes":""},"categories":[26,15],"tags":[1057,1056,4,1059,1058],"class_list":["post-16102","post","type-post","status-publish","format-standard","has-post-thumbnail","hentry","category-expocisiones","category-general","tag-antonio-guerra","tag-elisa-gallego","tag-exposiciones","tag-gandiaga","tag-inauguracion"],"_links":{"self":[{"href":"https:\/\/blog.federacionfotovasca.org\/eu\/wp-json\/wp\/v2\/posts\/16102","targetHints":{"allow":["GET"]}}],"collection":[{"href":"https:\/\/blog.federacionfotovasca.org\/eu\/wp-json\/wp\/v2\/posts"}],"about":[{"href":"https:\/\/blog.federacionfotovasca.org\/eu\/wp-json\/wp\/v2\/types\/post"}],"author":[{"embeddable":true,"href":"https:\/\/blog.federacionfotovasca.org\/eu\/wp-json\/wp\/v2\/users\/1"}],"replies":[{"embeddable":true,"href":"https:\/\/blog.federacionfotovasca.org\/eu\/wp-json\/wp\/v2\/comments?post=16102"}],"version-history":[{"count":1,"href":"https:\/\/blog.federacionfotovasca.org\/eu\/wp-json\/wp\/v2\/posts\/16102\/revisions"}],"predecessor-version":[{"id":16346,"href":"https:\/\/blog.federacionfotovasca.org\/eu\/wp-json\/wp\/v2\/posts\/16102\/revisions\/16346"}],"wp:featuredmedia":[{"embeddable":true,"href":"https:\/\/blog.federacionfotovasca.org\/eu\/wp-json\/wp\/v2\/media\/16103"}],"wp:attachment":[{"href":"https:\/\/blog.federacionfotovasca.org\/eu\/wp-json\/wp\/v2\/media?parent=16102"}],"wp:term":[{"taxonomy":"category","embeddable":true,"href":"https:\/\/blog.federacionfotovasca.org\/eu\/wp-json\/wp\/v2\/categories?post=16102"},{"taxonomy":"post_tag","embeddable":true,"href":"https:\/\/blog.federacionfotovasca.org\/eu\/wp-json\/wp\/v2\/tags?post=16102"}],"curies":[{"name":"wp","href":"https:\/\/api.w.org\/{rel}","templated":true}]}}