{"id":17351,"date":"2019-06-27T12:31:07","date_gmt":"2019-06-27T10:31:07","guid":{"rendered":"https:\/\/www.federacionfotovasca.org\/?p=17351"},"modified":"2019-06-27T12:31:08","modified_gmt":"2019-06-27T10:31:08","slug":"afi-ganadores-del-concurso-fotografico-popular-2","status":"publish","type":"post","link":"https:\/\/blog.federacionfotovasca.org\/eu\/afi-ganadores-del-concurso-fotografico-popular-2\/","title":{"rendered":"AFI &#8211; Ganadores del Concurso Fotogr\u00e1fico Popular"},"content":{"rendered":"\n<p><strong>Jes\u00fas Hern\u00e1ndez, en el tema Ir\u00fan, y Jos\u00e9 M\u00aa P. Mendizabal, en el Libre, han sido los ganadores del XXXIII Concurso Fotogr\u00e1fico Popular, organizado por la AFI con motivo de las fiestas de San Marcial 2019 de Irun.<\/strong><\/p>\n<p>El resto de los galardonados han sido, en el tema Ir\u00fan, I\u00f1igo Alzugaray y Gerardo Garc\u00eda, en segundo y tercer lugar, respectivamente; por su parte, los otros dos premios en el tema Libre han correspondido a Custodio Martin (segundo) y Amaia Olaizola (tercero). Todos ellos han recibido sus correspondientes trofeos as\u00ed como\u00a0regalos en material fotogr\u00e1fico.<\/p>\n<p>El acto de entrega de premios se ha celebrado el 24 de junio en el local de AFI y ha estado presidido por la concejala delegada de Cultura, Juncal Eizaguirre, en representaci\u00f3n del Ayuntamiento de Ir\u00fan que patrocina el Concurso.<\/p>\n<p>La selecci\u00f3n de las obras ganadoras se ha realizado por un jurado mixto: por un lado, han votado las 45 personas asistentes a la inauguraci\u00f3n de la exposici\u00f3n, en el local de AFI el pasado 17 de junio y, por otro, ha emitido su veredicto un jurado t\u00e9cnico formado por los fot\u00f3grafos profesionales, Eva Pascual, Floren Portu, y Fernando Vergara.\u00a0<\/p>\n<p>Al concurso se han presentado un total de 50 fotograf\u00edas (20 en el tema Irun y 30 en el Libre) pertenecientes a 17 autores.<\/p>\n<p>AFI &#8211; IAE<\/p>\n<p><a href=\"http:\/\/www.afi-iae.com\/\" target=\"_blank\" rel=\"noopener noreferrer\" data-saferedirecturl=\"https:\/\/www.google.com\/url?q=http:\/\/www.afi-iae.com&#038;source=gmail&#038;ust=1561716554158000&#038;usg=AFQjCNFxCrWntTfoQTRjynqonAMjJCD4Mg\">www.afi-iae.com<\/a><\/p>\n<p>Se adjunta acta del Concurso y fotograf\u00eda de los\u00a0ganadores junto a la delegada de Cultura, Juncal Eizaguirre, y la vicepresidenta de AFI, Bego\u00f1a Darceles (Foto: AFI)<\/p>\n<p><a href=\"https:\/\/www.federacionfotovasca.org\/wp-content\/uploads\/2019\/06\/AFI-Concurso-Popular.jpg\"><img loading=\"lazy\" decoding=\"async\" class=\"alignnone size-full wp-image-17352\" src=\"https:\/\/www.federacionfotovasca.org\/wp-content\/uploads\/2019\/06\/AFI-Concurso-Popular.jpg\" alt=\"\" width=\"3000\" height=\"2000\" srcset=\"https:\/\/blog.federacionfotovasca.org\/wp-content\/uploads\/2019\/06\/AFI-Concurso-Popular.jpg 3000w, https:\/\/blog.federacionfotovasca.org\/wp-content\/uploads\/2019\/06\/AFI-Concurso-Popular-300x200.jpg 300w, https:\/\/blog.federacionfotovasca.org\/wp-content\/uploads\/2019\/06\/AFI-Concurso-Popular-620x413.jpg 620w, https:\/\/blog.federacionfotovasca.org\/wp-content\/uploads\/2019\/06\/AFI-Concurso-Popular-768x512.jpg 768w, https:\/\/blog.federacionfotovasca.org\/wp-content\/uploads\/2019\/06\/AFI-Concurso-Popular-940x627.jpg 940w\" sizes=\"auto, (max-width: 3000px) 100vw, 3000px\" \/><\/a><\/p>\n\n\n\n<p>[pdf-embedder url=&#8221;https:\/\/www.federacionfotovasca.org\/wp-content\/uploads\/2019\/06\/Acta-Popular-2019.pdf&#8221;]<\/p>\n","protected":false},"excerpt":{"rendered":"","protected":false},"author":1,"featured_media":17352,"comment_status":"open","ping_status":"open","sticky":false,"template":"","format":"standard","meta":{"footnotes":""},"categories":[36,23,1069],"tags":[],"class_list":["post-17351","post","type-post","status-publish","format-standard","has-post-thumbnail","hentry","category-concursos","category-noticias","category-asociaciones"],"_links":{"self":[{"href":"https:\/\/blog.federacionfotovasca.org\/eu\/wp-json\/wp\/v2\/posts\/17351","targetHints":{"allow":["GET"]}}],"collection":[{"href":"https:\/\/blog.federacionfotovasca.org\/eu\/wp-json\/wp\/v2\/posts"}],"about":[{"href":"https:\/\/blog.federacionfotovasca.org\/eu\/wp-json\/wp\/v2\/types\/post"}],"author":[{"embeddable":true,"href":"https:\/\/blog.federacionfotovasca.org\/eu\/wp-json\/wp\/v2\/users\/1"}],"replies":[{"embeddable":true,"href":"https:\/\/blog.federacionfotovasca.org\/eu\/wp-json\/wp\/v2\/comments?post=17351"}],"version-history":[{"count":1,"href":"https:\/\/blog.federacionfotovasca.org\/eu\/wp-json\/wp\/v2\/posts\/17351\/revisions"}],"predecessor-version":[{"id":17354,"href":"https:\/\/blog.federacionfotovasca.org\/eu\/wp-json\/wp\/v2\/posts\/17351\/revisions\/17354"}],"wp:featuredmedia":[{"embeddable":true,"href":"https:\/\/blog.federacionfotovasca.org\/eu\/wp-json\/wp\/v2\/media\/17352"}],"wp:attachment":[{"href":"https:\/\/blog.federacionfotovasca.org\/eu\/wp-json\/wp\/v2\/media?parent=17351"}],"wp:term":[{"taxonomy":"category","embeddable":true,"href":"https:\/\/blog.federacionfotovasca.org\/eu\/wp-json\/wp\/v2\/categories?post=17351"},{"taxonomy":"post_tag","embeddable":true,"href":"https:\/\/blog.federacionfotovasca.org\/eu\/wp-json\/wp\/v2\/tags?post=17351"}],"curies":[{"name":"wp","href":"https:\/\/api.w.org\/{rel}","templated":true}]}}