{"id":17879,"date":"2020-09-17T01:14:58","date_gmt":"2020-09-16T23:14:58","guid":{"rendered":"https:\/\/www.federacionfotovasca.org\/?p=17879"},"modified":"2020-09-23T10:01:51","modified_gmt":"2020-09-23T08:01:51","slug":"v-concurso-de-gernika-lumo","status":"publish","type":"post","link":"https:\/\/blog.federacionfotovasca.org\/eu\/v-concurso-de-gernika-lumo\/","title":{"rendered":"V Concurso Photoka Saria 2020"},"content":{"rendered":"\n<p>La agrupaci\u00f3n <strong>Photoka<\/strong>, de <strong>Gernika-Lumo<\/strong>, tambi\u00e9n nos invita a a participar en la edici\u00f3n de este a\u00f1o de su concurso.<\/p>\n<p><a href=\"https:\/\/photoka.eus\/v-trofeo-photoka-saria-2020-bases\/\">Bases<\/a><\/p>\n<p>Hasta el <strong>1 de noviembre<\/strong><\/p>\n","protected":false},"excerpt":{"rendered":"","protected":false},"author":24,"featured_media":17880,"comment_status":"open","ping_status":"open","sticky":false,"template":"","format":"standard","meta":{"footnotes":""},"categories":[36,161],"tags":[],"class_list":["post-17879","post","type-post","status-publish","format-standard","has-post-thumbnail","hentry","category-concursos","category-argizaiola"],"_links":{"self":[{"href":"https:\/\/blog.federacionfotovasca.org\/eu\/wp-json\/wp\/v2\/posts\/17879","targetHints":{"allow":["GET"]}}],"collection":[{"href":"https:\/\/blog.federacionfotovasca.org\/eu\/wp-json\/wp\/v2\/posts"}],"about":[{"href":"https:\/\/blog.federacionfotovasca.org\/eu\/wp-json\/wp\/v2\/types\/post"}],"author":[{"embeddable":true,"href":"https:\/\/blog.federacionfotovasca.org\/eu\/wp-json\/wp\/v2\/users\/24"}],"replies":[{"embeddable":true,"href":"https:\/\/blog.federacionfotovasca.org\/eu\/wp-json\/wp\/v2\/comments?post=17879"}],"version-history":[{"count":1,"href":"https:\/\/blog.federacionfotovasca.org\/eu\/wp-json\/wp\/v2\/posts\/17879\/revisions"}],"predecessor-version":[{"id":17898,"href":"https:\/\/blog.federacionfotovasca.org\/eu\/wp-json\/wp\/v2\/posts\/17879\/revisions\/17898"}],"wp:featuredmedia":[{"embeddable":true,"href":"https:\/\/blog.federacionfotovasca.org\/eu\/wp-json\/wp\/v2\/media\/17880"}],"wp:attachment":[{"href":"https:\/\/blog.federacionfotovasca.org\/eu\/wp-json\/wp\/v2\/media?parent=17879"}],"wp:term":[{"taxonomy":"category","embeddable":true,"href":"https:\/\/blog.federacionfotovasca.org\/eu\/wp-json\/wp\/v2\/categories?post=17879"},{"taxonomy":"post_tag","embeddable":true,"href":"https:\/\/blog.federacionfotovasca.org\/eu\/wp-json\/wp\/v2\/tags?post=17879"}],"curies":[{"name":"wp","href":"https:\/\/api.w.org\/{rel}","templated":true}]}}