{"id":17888,"date":"2020-09-23T09:47:44","date_gmt":"2020-09-23T07:47:44","guid":{"rendered":"https:\/\/www.federacionfotovasca.org\/?p=17888"},"modified":"2020-09-23T09:53:06","modified_gmt":"2020-09-23T07:53:06","slug":"xxxiii-certamen-indalecio-ojanguren","status":"publish","type":"post","link":"https:\/\/blog.federacionfotovasca.org\/eu\/xxxiii-certamen-indalecio-ojanguren\/","title":{"rendered":"XXXIII Certamen Indalecio Ojanguren"},"content":{"rendered":"\n<p>En este 2020 El <strong>Club Deportivo Eibar<\/strong> y el <strong>Ayuntamiento<\/strong> de esta villa guipuzcoana nos invitan a participar una vez m\u00e1s en su concurso, que todav\u00eda permanece fiel a su presentaci\u00f3n en papel.<\/p>\n<p><a href=\"https:\/\/www.eibar.eus\/es\/tramites\/cursos-concursos-talleres\/xxv-certamen-de-fotografia-indalecio-ojanguren-2012\">Bases del certamen<\/a><\/p>\n<p>Importante: <strong>Hasta el 30 de septiembre<\/strong><\/p>\n","protected":false},"excerpt":{"rendered":"","protected":false},"author":24,"featured_media":17889,"comment_status":"open","ping_status":"open","sticky":false,"template":"","format":"standard","meta":{"footnotes":""},"categories":[36,161],"tags":[],"class_list":["post-17888","post","type-post","status-publish","format-standard","has-post-thumbnail","hentry","category-concursos","category-argizaiola"],"_links":{"self":[{"href":"https:\/\/blog.federacionfotovasca.org\/eu\/wp-json\/wp\/v2\/posts\/17888","targetHints":{"allow":["GET"]}}],"collection":[{"href":"https:\/\/blog.federacionfotovasca.org\/eu\/wp-json\/wp\/v2\/posts"}],"about":[{"href":"https:\/\/blog.federacionfotovasca.org\/eu\/wp-json\/wp\/v2\/types\/post"}],"author":[{"embeddable":true,"href":"https:\/\/blog.federacionfotovasca.org\/eu\/wp-json\/wp\/v2\/users\/24"}],"replies":[{"embeddable":true,"href":"https:\/\/blog.federacionfotovasca.org\/eu\/wp-json\/wp\/v2\/comments?post=17888"}],"version-history":[{"count":1,"href":"https:\/\/blog.federacionfotovasca.org\/eu\/wp-json\/wp\/v2\/posts\/17888\/revisions"}],"predecessor-version":[{"id":17894,"href":"https:\/\/blog.federacionfotovasca.org\/eu\/wp-json\/wp\/v2\/posts\/17888\/revisions\/17894"}],"wp:featuredmedia":[{"embeddable":true,"href":"https:\/\/blog.federacionfotovasca.org\/eu\/wp-json\/wp\/v2\/media\/17889"}],"wp:attachment":[{"href":"https:\/\/blog.federacionfotovasca.org\/eu\/wp-json\/wp\/v2\/media?parent=17888"}],"wp:term":[{"taxonomy":"category","embeddable":true,"href":"https:\/\/blog.federacionfotovasca.org\/eu\/wp-json\/wp\/v2\/categories?post=17888"},{"taxonomy":"post_tag","embeddable":true,"href":"https:\/\/blog.federacionfotovasca.org\/eu\/wp-json\/wp\/v2\/tags?post=17888"}],"curies":[{"name":"wp","href":"https:\/\/api.w.org\/{rel}","templated":true}]}}