{"id":1900,"date":"2009-12-13T08:54:32","date_gmt":"2009-12-13T07:54:32","guid":{"rendered":"https:\/\/www.federacionfotovasca.org\/?p=1900"},"modified":"2009-12-13T08:54:32","modified_gmt":"2009-12-13T07:54:32","slug":"bilboargazki09-fotos-presentacion-de-jose-m%c2%aa-mellado","status":"publish","type":"post","link":"https:\/\/blog.federacionfotovasca.org\/eu\/bilboargazki09-fotos-presentacion-de-jose-m%c2%aa-mellado\/","title":{"rendered":"BilboArgazki09 &#8211; Fotos presentaci\u00f3n de Jos\u00e9 M\u00aa Mellado"},"content":{"rendered":"<p>Aqu\u00ed teneis algunas fotos del acto de presentaci\u00f3n del libre de Jos\u00e9 Mar\u00eda Mellado <strong><em>Fotograf\u00eda de Alta Calidad\u00a0 &#8211;\u00a0 T\u00e9cnica y M\u00e9todo.<\/em><\/strong><\/p>\n<p><strong><em><img loading=\"lazy\" decoding=\"async\" class=\"alignnone\" src=\"http:\/\/farm3.static.flickr.com\/2630\/4181013014_0b7426dd38_o.jpg\" alt=\"\" width=\"640\" height=\"427\" \/><\/em><\/strong><\/p>\n<p><img loading=\"lazy\" decoding=\"async\" class=\"alignnone\" src=\"http:\/\/farm3.static.flickr.com\/2572\/4181017242_684c8ee820_o.jpg\" alt=\"\" width=\"640\" height=\"427\" \/><\/p>\n<p><strong><em><img loading=\"lazy\" decoding=\"async\" class=\"alignnone\" src=\"http:\/\/farm3.static.flickr.com\/2723\/4180254217_3e8f04d7b2_o.jpg\" alt=\"\" width=\"640\" height=\"427\" \/><\/em><\/strong><\/p>\n<p><a href=\"http:\/\/www.flickriver.com\/photos\/ehate\/sets\/72157622865513087\/\" target=\"_blank\"><img loading=\"lazy\" decoding=\"async\" style=\"border: 0pt none;\" title=\"Federacion agrupaciones fotograficas Pais Vasco - View my 'Presentacion libro de Mellado' set on Flickriver\" src=\"http:\/\/www.flickriver.com\/badge\/user\/set-72157622865513087\/recent\/shuffle\/medium-tiny\/c7c7c7\/333333\/21310403@N05.jpg\" border=\"0\" alt=\"Federacion agrupaciones fotograficas Pais Vasco - View my 'Presentacion libro de Mellado' set on Flickriver\" width=\"500\" height=\"105\" \/><\/a><\/p>\n","protected":false},"excerpt":{"rendered":"<p>Aqu\u00ed teneis algunas fotos del acto de presentaci\u00f3n del libre de Jos\u00e9 Mar\u00eda Mellado Fotograf\u00eda de Alta Calidad\u00a0 &#8211;\u00a0 T\u00e9cnica y M\u00e9todo.<\/p>\n","protected":false},"author":1,"featured_media":0,"comment_status":"open","ping_status":"open","sticky":false,"template":"","format":"standard","meta":{"footnotes":""},"categories":[134,23],"tags":[424,71,29],"class_list":["post-1900","post","type-post","status-publish","format-standard","hentry","category-bilboargazki","category-noticias","tag-fotografs","tag-libro","tag-taller"],"_links":{"self":[{"href":"https:\/\/blog.federacionfotovasca.org\/eu\/wp-json\/wp\/v2\/posts\/1900","targetHints":{"allow":["GET"]}}],"collection":[{"href":"https:\/\/blog.federacionfotovasca.org\/eu\/wp-json\/wp\/v2\/posts"}],"about":[{"href":"https:\/\/blog.federacionfotovasca.org\/eu\/wp-json\/wp\/v2\/types\/post"}],"author":[{"embeddable":true,"href":"https:\/\/blog.federacionfotovasca.org\/eu\/wp-json\/wp\/v2\/users\/1"}],"replies":[{"embeddable":true,"href":"https:\/\/blog.federacionfotovasca.org\/eu\/wp-json\/wp\/v2\/comments?post=1900"}],"version-history":[{"count":1,"href":"https:\/\/blog.federacionfotovasca.org\/eu\/wp-json\/wp\/v2\/posts\/1900\/revisions"}],"predecessor-version":[{"id":1907,"href":"https:\/\/blog.federacionfotovasca.org\/eu\/wp-json\/wp\/v2\/posts\/1900\/revisions\/1907"}],"wp:attachment":[{"href":"https:\/\/blog.federacionfotovasca.org\/eu\/wp-json\/wp\/v2\/media?parent=1900"}],"wp:term":[{"taxonomy":"category","embeddable":true,"href":"https:\/\/blog.federacionfotovasca.org\/eu\/wp-json\/wp\/v2\/categories?post=1900"},{"taxonomy":"post_tag","embeddable":true,"href":"https:\/\/blog.federacionfotovasca.org\/eu\/wp-json\/wp\/v2\/tags?post=1900"}],"curies":[{"name":"wp","href":"https:\/\/api.w.org\/{rel}","templated":true}]}}