{"id":20,"date":"2007-05-18T21:46:44","date_gmt":"2007-05-18T21:46:44","guid":{"rendered":"\/?p=20"},"modified":"2008-01-17T18:38:11","modified_gmt":"2008-01-17T18:38:11","slug":"jose-maria-mellado-martinez-guru-de-la-fotografia-digital","status":"publish","type":"post","link":"https:\/\/blog.federacionfotovasca.org\/eu\/jose-maria-mellado-martinez-guru-de-la-fotografia-digital\/","title":{"rendered":"Jos\u00e9 Mar\u00eda Mellado Martinez: Gur\u00fa de la Fotograf\u00eda Digital"},"content":{"rendered":"<h3>Este art\u00edculo ha sido publicado en la web de mi amigo y excelente fot\u00f3grafo <u><a href=\"http:\/\/www.jggweb.com\/\" target=\"_blank\">Juan Garcia Galvez<\/a><\/u> .<\/h3>\n<p><u><a href=\"http:\/\/www.jggweb.com\/2007\/05\/17\/jose-maria-mellado-martinez-guru-de-la-fotografia-digital\/\" title=\"Enlace permanente a Jos\u00e9 Mar\u00eda Mellado Mart\u00ednez: Gur\u00fa de la Fotograf\u00eda Digital\">Jos\u00e9 Mar\u00eda Mellado Mart\u00ednez: Gur\u00fa de la Fotograf\u00eda Digital<\/a><\/u><\/p>\n<p>Tuve la fortuna de conocerlo en persona durante el desarrollo de las <a href=\"http:\/\/www.jggweb.com\/go.php?http:\/\/www.jggweb.com\/2007\/05\/05\/menorca-a-la-vista\/\" title=\"(113 hits)\">jornadas fotogr\u00e1ficas en Menorca (27 abril-2 mayo)<\/a> y tengo que decir que me sorprendi\u00f3 gratamente. Mucho y bien.<\/p>\n<p class=\"entry\">En primer lugar por su cercano y afable trato con todos los participantes de la actividad y en segundo lugar por su gran capacidad comunicadora. No todas las personas que dominan una materia saben transmitirla con \u00e9xito\u2026 me vienen a la cabeza los nombres de algunos catedr\u00e1ticos que \u201c<em>sufr\u00ed<\/em>\u201d durante mis a\u00f1os universitarios, aunque por respeto y prudencia jam\u00e1s revelar\u00e9.<\/p>\n<p><a href=\"http:\/\/www.jggweb.com\/go.php?http:\/\/www.jggweb.com\/wp-content\/uploads\/2007\/05\/jmm_63.jpg\" title=\" Entrada al Aeropuerto, gicl\u00e9e 200 x 108,5 cm 2005 \u00a9 Jos\u00e9 Mar\u00eda Mellado (56 hits)\"><img loading=\"lazy\" decoding=\"async\" src=\"http:\/\/www.jggweb.com\/wp-content\/uploads\/2007\/05\/jmm_63.thumbnail.jpg\" title=\"Jmm 63\" alt=\" Entrada al Aeropuerto, gicl\u00e9e 200 x 108,5 cm 2005 \u00a9 Jos\u00e9 Mar\u00eda Mellado\" align=\"left\" height=\"500\" width=\"279\" \/><\/a><\/p>\n<p>Tengo que reconocer que me encontr\u00e9 muy identificado con \u00e9l, porque se trata de otro inform\u00e1tico universitario apasionado por el arte fotogr\u00e1fico. En algunas ocasiones, <strong>el arte vence a la fr\u00eda t\u00e9cnica<\/strong>.<\/p>\n<p><a href=\"http:\/\/www.jggweb.com\/go.php?http:\/\/www.jggweb.com\/wp-content\/uploads\/2007\/05\/mellado.jpg\" title=\"Retrato de Jos\u00e9 Mar\u00eda Mellado \u00a9 2007 (28 hits)\"><img loading=\"lazy\" decoding=\"async\" src=\"http:\/\/www.jggweb.com\/wp-content\/uploads\/2007\/05\/mellado.thumbnail.jpg\" title=\"Mellado\" alt=\"Retrato de Jos\u00e9 Mar\u00eda Mellado \u00a9 2007\" height=\"303\" width=\"400\" \/><\/a><\/p>\n<p>Nace en <strong>Almer\u00eda<\/strong> en <strong>1966<\/strong> y reside en <strong>Madrid<\/strong> (<strong>Espa\u00f1a<\/strong>).<\/p>\n<p>Es director de <a href=\"http:\/\/www.jggweb.com\/go.php?http:\/\/www.yellow.ms\" title=\"(27 hits)\">Yellow<\/a>, empresa de consultor\u00eda, y ha sido presidente de la <a href=\"http:\/\/www.jggweb.com\/go.php?http:\/\/www.rsf.es\/\" title=\"(14 hits)\">Real Sociedad Fotogr\u00e1fica<\/a> durante los \u00faltimos cinco a\u00f1os. Sobre su obra se ha escrito en importantes publicaciones de \u00e1mbito cultural, incluyendo la <strong>Enciclopedia de la Fotograf\u00eda de Espasa<\/strong> (2004), <strong>Historia de la Real Sociedad Fotogr\u00e1fica<\/strong> (2004) y <strong>100 Fot\u00f3grafos Espa\u00f1oles<\/strong> (2005).<\/p>\n<p>Est\u00e1 considerado uno de los mayores expertos de Espa\u00f1a en fotograf\u00eda digital, habiendo guiado a muchos fot\u00f3grafos espa\u00f1oles en la transici\u00f3n desde la fotograf\u00eda cl\u00e1sica hacia la digital.<!--more--><\/p>\n<p align=\"justify\">Ha publicado dos libros sobre fotograf\u00eda digital: <a href=\"http:\/\/www.jggweb.com\/go.php?http:\/\/www.digitalaltacalidad.com\" title=\"(57 hits)\">Fotograf\u00eda Digital de Alta Calidad<\/a> (<strong>SUPERVENTAS<\/strong>) y \u201c<strong>La Fotograf\u00eda Digital es F\u00e1cil<\/strong>\u201d.<\/p>\n<p align=\"justify\">&nbsp;<\/p>\n<p align=\"justify\">Su dominio de la t\u00e9cnica, fruto de a\u00f1os de investigaci\u00f3n, le ha ayudado a desarrollar un lenguaje personal donde el control de la luz y el color toman un especial protagonismo y otorgan a sus trabajos una calidad singular.<\/p>\n<p align=\"justify\">&nbsp;<\/p>\n<p align=\"justify\">Su trabajo ha sido premiado en m\u00e1s de un centenar de ocasiones durante los \u00faltimos tres a\u00f1os y sus obras figuran en importantes colecciones p\u00fablicas y privadas como:<\/p>\n<p align=\"justify\">&nbsp;<\/p>\n<p align=\"justify\">Colecci\u00f3n Permanente del <strong>Museo Nacional Reina Sof\u00eda<\/strong> (siendo la primera obra digital de esta selecci\u00f3n)<br \/>\n<strong>Colecci\u00f3n de Arte Contempor\u00e1neo<\/strong> de la <strong>Comunidad de Madrid<\/strong>.<br \/>\n<strong>Museo de C\u00e1ceres<\/strong>.<br \/>\n<strong>Gobierno de Cantabria<\/strong>.<br \/>\n<strong>Asamblea de Extremadura<\/strong>.<br \/>\n<strong>Fundaci\u00f3n Monte<\/strong>.<br \/>\n<strong>Fundaci\u00f3n UNED<\/strong>.<br \/>\n<strong>Artium<\/strong> (Museo Vasco de Arte Contempor\u00e1neo).<br \/>\n<strong>Chazen Museum of Art<\/strong> (<strong>USA<\/strong>), etc.<\/p>\n<p align=\"justify\">&nbsp;<\/p>\n<p align=\"justify\">Participa de forma regular en ferias de arte nacionales e internacionales como <strong>ArtBasel<\/strong>, <strong>ARCO<\/strong>, <strong>DFoto<\/strong>, <strong>ArteLisboa<\/strong>, <strong>Estampa<\/strong>, <strong>Feriarte<\/strong>, <strong>Forosur<\/strong>, <strong>FLECHA<\/strong>, <strong>ArteSevilla<\/strong> y <strong>ArteSantander<\/strong>, estando actualmente representado por las galer\u00edas <a href=\"http:\/\/www.jggweb.com\/go.php?http:\/\/www.galeriamariallanos.com\/JoseMariaMellado\/JoseMellado.htm\" target=\"_blank\" title=\"(10 hits)\">Galer\u00eda Mar\u00eda Llanos<\/a> de C\u00e1ceres, <a href=\"http:\/\/www.jggweb.com\/go.php?http:\/\/www.tomasmarch.com\/exposiciones\/mellado_noxido\/obras\/mellado_obras.html\" target=\"_blank\" title=\"(12 hits)\">Galer\u00eda Tom\u00e1s March<\/a> de Valencia, <strong>Galer\u00eda Estiarte <\/strong>de <strong>Madrid<\/strong> y <a href=\"http:\/\/www.jggweb.com\/go.php?http:\/\/www.galerialluciahoms.es\/html\/art\/mellado\/index.html\" target=\"_blank\" title=\"(9 hits)\">Galer\u00eda Lluc\u00eca Homs<\/a> de Barcelona y <strong>Estiarte (Madrid)<\/strong>.<\/p>\n<p align=\"justify\">&nbsp;<\/p>\n<p align=\"justify\"><a href=\"http:\/\/www.jggweb.com\/go.php?http:\/\/www.jggweb.com\/wp-content\/uploads\/2007\/05\/jmm_66.jpg\" title=\"Islandia, 2006 \/ gicl\u00e9e \/ 120 x 250 cm \u00a9 Jos\u00e9 Mar\u00eda Mellado (39 hits)\"><img decoding=\"async\" src=\"http:\/\/www.jggweb.com\/wp-content\/uploads\/2007\/05\/jmm_66.thumbnail.jpg\" title=\"Jmm 66\" alt=\"Islandia, 2006 \/ gicl\u00e9e \/ 120 x 250 cm \u00a9 Jos\u00e9 Mar\u00eda Mellado\" \/><\/a><\/p>\n<p align=\"justify\">&nbsp;<\/p>\n<p align=\"justify\">Ha realizado exposiciones individuales en las galer\u00edas mencionadas y en diversas salas de instituciones p\u00fablicas y privadas, siendo la m\u00e1s reciente la amplia muestra presente en el <strong>Centro Museo de Arte de Almer\u00eda<\/strong>. Con motivo de esta exposici\u00f3n ha publicado un libro con sus fant\u00e1sticas fotograf\u00edas panor\u00e1micas, \u201c<strong>El silencio y la luz<\/strong>\u201d, que os recomiendo que compr\u00e9is. Todo un placer para la vista. Esta es la portada del libro:<\/p>\n<p align=\"justify\">&nbsp;<\/p>\n<p align=\"justify\"><a href=\"http:\/\/www.jggweb.com\/wp-content\/uploads\/2007\/05\/elsilencioylaluz.jpg\" title=\"Portada del libro El Silencio y la Luz de Jos\u00e9 Mar\u00eda Mellado \u00a9 2007\"><br \/>\n<img decoding=\"async\" src=\"http:\/\/www.jggweb.com\/wp-content\/uploads\/2007\/05\/elsilencioylaluz.thumbnail.jpg\" title=\"Elsilencioylaluz\" alt=\"Portada del libro El Silencio y la Luz de Jos\u00e9 Mar\u00eda Mellado \u00a9 2007\" \/><\/a><\/p>\n<p align=\"justify\">&nbsp;<\/p>\n<p align=\"justify\">Imparte talleres y seminarios en varias universidades e instituciones p\u00fablicas y privadas y en el <strong>Aula de Formaci\u00f3n de Yellow<\/strong> en <strong>Madrid<\/strong> adem\u00e1s del <strong>Master de Fotograf\u00eda Digital<\/strong> de la <strong>Escuela EFTI en Madrid<\/strong>. Sus art\u00edculos publicados forman parte del material docente de varias universidades.<\/p>\n<p align=\"justify\">&nbsp;<\/p>\n<p align=\"justify\">Desde <strong>Yellow<\/strong>, ha desarrollado la aplicaci\u00f3n <strong>YMago Pr<\/strong>o (<strong>Base de Datos para archivos fotogr\u00e1ficos<\/strong>), implantada en diversos clientes entre los que cabe destacar el <strong>Museo del Ferrocarril (RENFE)<\/strong> y el <strong>Congreso de los Diputados espa\u00f1ol<\/strong>.<\/p>\n<p align=\"justify\">&nbsp;<\/p>\n<p align=\"justify\">Usa una <a href=\"http:\/\/www.jggweb.com\/go.php?http:\/\/www.hasselblad.com\/\" title=\"(32 hits)\">Hasselblad<\/a> <strong>H2<\/strong> con respaldo <strong>Phase One P45<\/strong>, tiene tres objetivos de <strong>Hasselblad<\/strong>, un <strong>80<\/strong>, <strong>50<\/strong> y <strong>35<\/strong>. Tambien usa (aunque mucho menos) es la <strong>Canon 5D<\/strong> con un <strong>28-105mm<\/strong>. Y siempre lleva encima una <strong>Leica C LUX 2<\/strong>.<\/p>\n<p align=\"justify\">&nbsp;<\/p>\n<p align=\"justify\">Sus pr\u00f3ximos proyectos\u2026 actualmente se encuentra en <strong>Cuba<\/strong> haciendo fotograf\u00edas a interiores de edificios y de coches,  luego va a <strong>Islandia<\/strong> y despues a <strong>Colombia<\/strong>, donde tambi\u00e9n expondr\u00e1 sus obras.<\/p>\n<p align=\"justify\">&nbsp;<\/p>\n<p align=\"justify\">De regreso (<strong>Menorca-Madrid<\/strong>) pude disfrutar de una interesant\u00edsima conversaci\u00f3n con el maestro. Jam\u00e1s se me ha hecho tan corto un viaje en avi\u00f3n.<\/p>\n<p align=\"justify\">&nbsp;<\/p>\n<p align=\"justify\"><strong>Jos\u00e9 Mar\u00eda<\/strong>, como la mayor\u00eda de los genios, no va de divo por la vida, demuestra una gran humanidad en el trato, escucha, sugiere\/aconseja con delicado tacto y lejos de ocultar sus t\u00e9cnicas y de no compartir su flujo de trabajo nos ha pasado su potente colecci\u00f3n de <strong>Acciones PhotoShop<\/strong>:<\/p>\n<p align=\"justify\">\n<ol>\n<li>Enfoque Selectivo.<\/li>\n<li>Mellado Intl: Niveles b\/N, Niveles Color, Ajuste Saturaci\u00f3n Color, Degradado, Mezcla 2 Niveles<\/li>\n<li>Filtro Hasselblad Softar n\u00ba 2.<\/li>\n<\/ol>\n<p align=\"justify\"><a href=\"http:\/\/www.jggweb.com\/go.php?http:\/\/www.jggweb.com\/descargas\/AccionesMellado.rar\" title=\"Descarga las Acciones PS de J.M. Mellado (276 hits)\">Descarga de las Acciones PhotoShop de Jos\u00e9 Mar\u00eda Mellado<\/a>.<\/p>\n<p align=\"justify\">&nbsp;<\/p>\n<p align=\"justify\">Muchas gracias, <strong>Jos\u00e9 Mar\u00eda<\/strong>.<\/p>\n<p align=\"justify\">&nbsp;<\/p>\n<p align=\"justify\">Tambi\u00e9n quiero agradecer a <strong>M\u00f3nica Sanchez Aranegui<\/strong>, fot\u00f3grafa y responsable de imagen de <strong>Yellow<\/strong> su amabilidad y ayuda para elaborar este art\u00edculo.<\/p>\n<p align=\"justify\">&nbsp;<\/p>\n<p align=\"justify\">En respuesta a varios emails preguntando como se puede adquirir el \u00faltimo libro de <strong>Jos\u00e9 Mar\u00eda<\/strong>:<\/p>\n<p align=\"justify\">\n<blockquote><p> Para obtener el libro \u201c<strong>El silencio y la luz<\/strong>\u201d es necesario solicitarlo por tel\u00e9fono al <strong>902 20 2001<\/strong> o dirigirse v\u00eda email a administracion[arroba]yellow[punto]ms.<\/p>\n<p><strong>PRECIO<\/strong><\/p>\n<p><strong>40\u20ac (LIBRO) + 9,5\u20ac (Gastos de env\u00edo ) = 49,5\u20ac (portes pagados)<\/strong><\/p>\n<p>(Los gastos de env\u00edo var\u00edan si es Baleares o Canarias)<\/p><\/blockquote>\n","protected":false},"excerpt":{"rendered":"<p>Este art\u00edculo ha sido publicado en la web de mi amigo y excelente fot\u00f3grafo Juan Garcia Galvez . Jos\u00e9 Mar\u00eda Mellado Mart\u00ednez: Gur\u00fa de la Fotograf\u00eda Digital Tuve la fortuna de conocerlo en persona durante el desarrollo de las jornadas &hellip; <a href=\"https:\/\/blog.federacionfotovasca.org\/eu\/jose-maria-mellado-martinez-guru-de-la-fotografia-digital\/\">Continue reading <span class=\"meta-nav\">&rarr;<\/span><\/a><\/p>\n","protected":false},"author":1,"featured_media":0,"comment_status":"open","ping_status":"open","sticky":false,"template":"","format":"standard","meta":{"footnotes":""},"categories":[3],"tags":[],"class_list":["post-20","post","type-post","status-publish","format-standard","hentry","category-fotografos"],"_links":{"self":[{"href":"https:\/\/blog.federacionfotovasca.org\/eu\/wp-json\/wp\/v2\/posts\/20","targetHints":{"allow":["GET"]}}],"collection":[{"href":"https:\/\/blog.federacionfotovasca.org\/eu\/wp-json\/wp\/v2\/posts"}],"about":[{"href":"https:\/\/blog.federacionfotovasca.org\/eu\/wp-json\/wp\/v2\/types\/post"}],"author":[{"embeddable":true,"href":"https:\/\/blog.federacionfotovasca.org\/eu\/wp-json\/wp\/v2\/users\/1"}],"replies":[{"embeddable":true,"href":"https:\/\/blog.federacionfotovasca.org\/eu\/wp-json\/wp\/v2\/comments?post=20"}],"version-history":[{"count":0,"href":"https:\/\/blog.federacionfotovasca.org\/eu\/wp-json\/wp\/v2\/posts\/20\/revisions"}],"wp:attachment":[{"href":"https:\/\/blog.federacionfotovasca.org\/eu\/wp-json\/wp\/v2\/media?parent=20"}],"wp:term":[{"taxonomy":"category","embeddable":true,"href":"https:\/\/blog.federacionfotovasca.org\/eu\/wp-json\/wp\/v2\/categories?post=20"},{"taxonomy":"post_tag","embeddable":true,"href":"https:\/\/blog.federacionfotovasca.org\/eu\/wp-json\/wp\/v2\/tags?post=20"}],"curies":[{"name":"wp","href":"https:\/\/api.w.org\/{rel}","templated":true}]}}