{"id":2182,"date":"2010-05-13T13:17:23","date_gmt":"2010-05-13T11:17:23","guid":{"rendered":"https:\/\/www.federacionfotovasca.org\/?p=2182"},"modified":"2010-05-13T13:17:23","modified_gmt":"2010-05-13T11:17:23","slug":"calendario-actividades","status":"publish","type":"post","link":"https:\/\/blog.federacionfotovasca.org\/eu\/calendario-actividades\/","title":{"rendered":"Calendario actividades"},"content":{"rendered":"<p>Hemos preparado una nueva p\u00e1gina en la que\u00a0podr\u00e9is\u00a0ver el calendario de las actividades referentes a la Federaci\u00f3n.<\/p>\n<p>Pod\u00e9is\u00a0acceder al mismo desde el primer bot\u00f3n del men\u00fa principal:<\/p>\n<p><a href=\"https:\/\/www.federacionfotovasca.org\/wp-content\/uploads\/2010\/05\/13-05-2010-13-01-32.jpg\"><img loading=\"lazy\" decoding=\"async\" class=\"alignnone size-full wp-image-2185\" title=\"13-05-2010 13-01-32\" src=\"https:\/\/www.federacionfotovasca.org\/wp-content\/uploads\/2010\/05\/13-05-2010-13-01-32.jpg\" alt=\"\" width=\"640\" height=\"502\" srcset=\"https:\/\/blog.federacionfotovasca.org\/wp-content\/uploads\/2010\/05\/13-05-2010-13-01-32.jpg 640w, https:\/\/blog.federacionfotovasca.org\/wp-content\/uploads\/2010\/05\/13-05-2010-13-01-32-300x235.jpg 300w, https:\/\/blog.federacionfotovasca.org\/wp-content\/uploads\/2010\/05\/13-05-2010-13-01-32-620x486.jpg 620w\" sizes=\"auto, (max-width: 640px) 100vw, 640px\" \/><\/a><\/p>\n<p>Evidentemente para que este calendario sea util necesita que alimentemos los eventos as\u00ed que ya sabeis enviarnos los datos, para que los coloquemos.<\/p>\n","protected":false},"excerpt":{"rendered":"<p>Hemos preparado una nueva p\u00e1gina en la que\u00a0podr\u00e9is\u00a0ver el calendario de las actividades referentes a la Federaci\u00f3n. Pod\u00e9is\u00a0acceder al mismo desde el primer bot\u00f3n del men\u00fa principal: Evidentemente para que este calendario sea util necesita que alimentemos los eventos as\u00ed &hellip; <a href=\"https:\/\/blog.federacionfotovasca.org\/eu\/calendario-actividades\/\">Continue reading <span class=\"meta-nav\">&rarr;<\/span><\/a><\/p>\n","protected":false},"author":1,"featured_media":0,"comment_status":"open","ping_status":"open","sticky":false,"template":"","format":"standard","meta":{"footnotes":""},"categories":[8],"tags":[418,415],"class_list":["post-2182","post","type-post","status-publish","format-standard","hentry","category-web","tag-noticias","tag-web"],"_links":{"self":[{"href":"https:\/\/blog.federacionfotovasca.org\/eu\/wp-json\/wp\/v2\/posts\/2182","targetHints":{"allow":["GET"]}}],"collection":[{"href":"https:\/\/blog.federacionfotovasca.org\/eu\/wp-json\/wp\/v2\/posts"}],"about":[{"href":"https:\/\/blog.federacionfotovasca.org\/eu\/wp-json\/wp\/v2\/types\/post"}],"author":[{"embeddable":true,"href":"https:\/\/blog.federacionfotovasca.org\/eu\/wp-json\/wp\/v2\/users\/1"}],"replies":[{"embeddable":true,"href":"https:\/\/blog.federacionfotovasca.org\/eu\/wp-json\/wp\/v2\/comments?post=2182"}],"version-history":[{"count":1,"href":"https:\/\/blog.federacionfotovasca.org\/eu\/wp-json\/wp\/v2\/posts\/2182\/revisions"}],"predecessor-version":[{"id":2186,"href":"https:\/\/blog.federacionfotovasca.org\/eu\/wp-json\/wp\/v2\/posts\/2182\/revisions\/2186"}],"wp:attachment":[{"href":"https:\/\/blog.federacionfotovasca.org\/eu\/wp-json\/wp\/v2\/media?parent=2182"}],"wp:term":[{"taxonomy":"category","embeddable":true,"href":"https:\/\/blog.federacionfotovasca.org\/eu\/wp-json\/wp\/v2\/categories?post=2182"},{"taxonomy":"post_tag","embeddable":true,"href":"https:\/\/blog.federacionfotovasca.org\/eu\/wp-json\/wp\/v2\/tags?post=2182"}],"curies":[{"name":"wp","href":"https:\/\/api.w.org\/{rel}","templated":true}]}}