{"id":2464,"date":"2010-10-12T17:53:13","date_gmt":"2010-10-12T15:53:13","guid":{"rendered":"https:\/\/www.federacionfotovasca.org\/?p=2464"},"modified":"2010-10-12T17:53:54","modified_gmt":"2010-10-12T15:53:54","slug":"exposicion-de-paco-polan-en-afn","status":"publish","type":"post","link":"https:\/\/blog.federacionfotovasca.org\/eu\/exposicion-de-paco-polan-en-afn\/","title":{"rendered":"Exposici\u00f3n de Paco Polan en AFN"},"content":{"rendered":"<p>La  galer\u00eda <strong>contra<em>luz<\/em><\/strong><em>,<\/em> de la Agrupaci\u00f3n  Fotogr\u00e1fica de Navarra, tiene el placer de  comunicarle la apertura de su nueva muestra :\u00a0 &#8221; <strong><em>Segunda opci\u00f3n  &#8221; <\/em><\/strong> del fot\u00f3grafo \u00a0pamplones\u00a0\u00a0<strong>Paco  Pol\u00e1n<\/strong> que permanecer\u00e1 expuesta del <strong>14 de Octubre al<\/strong><strong> 12<\/strong><strong> de Noviembre de 2010.<\/strong><\/p>\n<p><strong><a href=\"https:\/\/www.federacionfotovasca.org\/wp-content\/uploads\/2010\/10\/12-10-2010-17-47-37.jpg\"><img loading=\"lazy\" decoding=\"async\" class=\"alignnone size-full wp-image-2465\" title=\"12-10-2010 17-47-37\" src=\"https:\/\/www.federacionfotovasca.org\/wp-content\/uploads\/2010\/10\/12-10-2010-17-47-37.jpg\" alt=\"\" width=\"302\" height=\"390\" srcset=\"https:\/\/blog.federacionfotovasca.org\/wp-content\/uploads\/2010\/10\/12-10-2010-17-47-37.jpg 302w, https:\/\/blog.federacionfotovasca.org\/wp-content\/uploads\/2010\/10\/12-10-2010-17-47-37-300x387.jpg 300w\" sizes=\"auto, (max-width: 302px) 100vw, 302px\" \/><\/a><a href=\"https:\/\/www.federacionfotovasca.org\/wp-content\/uploads\/2010\/10\/Triptico-Paco-Polan-color.pdf\" target=\"_blank\">Triptico Paco Polan color<\/a><br \/>\n<\/strong><\/p>\n<p>Al mismo tiempo le invita al acto de <strong>inauguraci\u00f3n <\/strong>y  vino de honor que, con  presencia del autor, tendr\u00e1 lugar el  jueves<strong> 14 <\/strong><strong>de Octubre<\/strong> a las 20 horas.  \u00a0 Adjuntamos \u00a0tr\u00edptico\u00a0de la exposici\u00f3n con fotograf\u00edas,  texto y rese\u00f1a biogr\u00e1fica,solicitando su habitual colaboraci\u00f3n en la difusi\u00f3n de la  misma.<\/p>\n","protected":false},"excerpt":{"rendered":"<p>La galer\u00eda contraluz, de la Agrupaci\u00f3n Fotogr\u00e1fica de Navarra, tiene el placer de comunicarle la apertura de su nueva muestra :\u00a0 &#8221; Segunda opci\u00f3n &#8221; del fot\u00f3grafo \u00a0pamplones\u00a0\u00a0Paco Pol\u00e1n que permanecer\u00e1 expuesta del 14 de Octubre al 12 de Noviembre &hellip; <a href=\"https:\/\/blog.federacionfotovasca.org\/eu\/exposicion-de-paco-polan-en-afn\/\">Continue reading <span class=\"meta-nav\">&rarr;<\/span><\/a><\/p>\n","protected":false},"author":1,"featured_media":0,"comment_status":"open","ping_status":"open","sticky":false,"template":"","format":"standard","meta":{"footnotes":""},"categories":[26],"tags":[4,66],"class_list":["post-2464","post","type-post","status-publish","format-standard","hentry","category-expocisiones","tag-exposiciones","tag-navarra"],"_links":{"self":[{"href":"https:\/\/blog.federacionfotovasca.org\/eu\/wp-json\/wp\/v2\/posts\/2464","targetHints":{"allow":["GET"]}}],"collection":[{"href":"https:\/\/blog.federacionfotovasca.org\/eu\/wp-json\/wp\/v2\/posts"}],"about":[{"href":"https:\/\/blog.federacionfotovasca.org\/eu\/wp-json\/wp\/v2\/types\/post"}],"author":[{"embeddable":true,"href":"https:\/\/blog.federacionfotovasca.org\/eu\/wp-json\/wp\/v2\/users\/1"}],"replies":[{"embeddable":true,"href":"https:\/\/blog.federacionfotovasca.org\/eu\/wp-json\/wp\/v2\/comments?post=2464"}],"version-history":[{"count":1,"href":"https:\/\/blog.federacionfotovasca.org\/eu\/wp-json\/wp\/v2\/posts\/2464\/revisions"}],"predecessor-version":[{"id":2468,"href":"https:\/\/blog.federacionfotovasca.org\/eu\/wp-json\/wp\/v2\/posts\/2464\/revisions\/2468"}],"wp:attachment":[{"href":"https:\/\/blog.federacionfotovasca.org\/eu\/wp-json\/wp\/v2\/media?parent=2464"}],"wp:term":[{"taxonomy":"category","embeddable":true,"href":"https:\/\/blog.federacionfotovasca.org\/eu\/wp-json\/wp\/v2\/categories?post=2464"},{"taxonomy":"post_tag","embeddable":true,"href":"https:\/\/blog.federacionfotovasca.org\/eu\/wp-json\/wp\/v2\/tags?post=2464"}],"curies":[{"name":"wp","href":"https:\/\/api.w.org\/{rel}","templated":true}]}}