{"id":2533,"date":"2010-11-30T19:30:43","date_gmt":"2010-11-30T18:30:43","guid":{"rendered":"https:\/\/www.federacionfotovasca.org\/?p=2533"},"modified":"2010-11-30T19:30:43","modified_gmt":"2010-11-30T18:30:43","slug":"exposicion-juan-armentia-en-vitoria","status":"publish","type":"post","link":"https:\/\/blog.federacionfotovasca.org\/eu\/exposicion-juan-armentia-en-vitoria\/","title":{"rendered":"Exposici\u00f3n Juan Armentia en Vitoria"},"content":{"rendered":"<p style=\"text-align: justify;\">Entre los d\u00edas 1 y 19 de diciembre estar\u00e1 expuesta en la Sala Araba de Vitoria-Gasteiz ( calle Paz 5, 1\u00aa planta), la obra del fot\u00f3grafo vasco JUAN ARMENTIA que lleva por t\u00edtulo MAS ALLA DEL OLIMPO-BARNETIK, una brillante reflexi\u00f3n gr\u00e1fica sobre el mundo del deporte adaptado y el alma de quienes lo protagonizan.<\/p>\n<p style=\"text-align: justify;\"><a href=\"https:\/\/www.federacionfotovasca.org\/wp-content\/uploads\/2010\/11\/invitaci\u00f3n-expo-juan-armentia_P\u00e1gina_11.jpg\"><img loading=\"lazy\" decoding=\"async\" class=\"alignnone size-full wp-image-2535\" title=\"invitaci\u00f3n expo juan armentia_P\u00e1gina_1\" src=\"https:\/\/www.federacionfotovasca.org\/wp-content\/uploads\/2010\/11\/invitaci\u00f3n-expo-juan-armentia_P\u00e1gina_11.jpg\" alt=\"\" width=\"640\" height=\"1338\" srcset=\"https:\/\/blog.federacionfotovasca.org\/wp-content\/uploads\/2010\/11\/invitaci\u00f3n-expo-juan-armentia_P\u00e1gina_11.jpg 640w, https:\/\/blog.federacionfotovasca.org\/wp-content\/uploads\/2010\/11\/invitaci\u00f3n-expo-juan-armentia_P\u00e1gina_11-300x627.jpg 300w, https:\/\/blog.federacionfotovasca.org\/wp-content\/uploads\/2010\/11\/invitaci\u00f3n-expo-juan-armentia_P\u00e1gina_11-620x1296.jpg 620w\" sizes=\"auto, (max-width: 640px) 100vw, 640px\" \/><\/a><br \/>\nEstar\u00edamos encantados de que pudierais estar con nosotros en su inauguraci\u00f3n, el mismo 1 de diciembre a las 19,30 horas, o cualquier otro d\u00eda de los programados (de lunes a s\u00e1bado la sala est\u00e1 abierta entre las 18:30 y 21 horas y los domingos y festivos<br \/>\nde 12 a 14 horas y de 18:30 a 21 horas).<\/p>\n","protected":false},"excerpt":{"rendered":"<p>Entre los d\u00edas 1 y 19 de diciembre estar\u00e1 expuesta en la Sala Araba de Vitoria-Gasteiz ( calle Paz 5, 1\u00aa planta), la obra del fot\u00f3grafo vasco JUAN ARMENTIA que lleva por t\u00edtulo MAS ALLA DEL OLIMPO-BARNETIK, una brillante reflexi\u00f3n &hellip; <a href=\"https:\/\/blog.federacionfotovasca.org\/eu\/exposicion-juan-armentia-en-vitoria\/\">Continue reading <span class=\"meta-nav\">&rarr;<\/span><\/a><\/p>\n","protected":false},"author":1,"featured_media":0,"comment_status":"open","ping_status":"open","sticky":false,"template":"","format":"standard","meta":{"footnotes":""},"categories":[26],"tags":[4,424,35],"class_list":["post-2533","post","type-post","status-publish","format-standard","hentry","category-expocisiones","tag-exposiciones","tag-fotografs","tag-vitoria"],"_links":{"self":[{"href":"https:\/\/blog.federacionfotovasca.org\/eu\/wp-json\/wp\/v2\/posts\/2533","targetHints":{"allow":["GET"]}}],"collection":[{"href":"https:\/\/blog.federacionfotovasca.org\/eu\/wp-json\/wp\/v2\/posts"}],"about":[{"href":"https:\/\/blog.federacionfotovasca.org\/eu\/wp-json\/wp\/v2\/types\/post"}],"author":[{"embeddable":true,"href":"https:\/\/blog.federacionfotovasca.org\/eu\/wp-json\/wp\/v2\/users\/1"}],"replies":[{"embeddable":true,"href":"https:\/\/blog.federacionfotovasca.org\/eu\/wp-json\/wp\/v2\/comments?post=2533"}],"version-history":[{"count":1,"href":"https:\/\/blog.federacionfotovasca.org\/eu\/wp-json\/wp\/v2\/posts\/2533\/revisions"}],"predecessor-version":[{"id":2536,"href":"https:\/\/blog.federacionfotovasca.org\/eu\/wp-json\/wp\/v2\/posts\/2533\/revisions\/2536"}],"wp:attachment":[{"href":"https:\/\/blog.federacionfotovasca.org\/eu\/wp-json\/wp\/v2\/media?parent=2533"}],"wp:term":[{"taxonomy":"category","embeddable":true,"href":"https:\/\/blog.federacionfotovasca.org\/eu\/wp-json\/wp\/v2\/categories?post=2533"},{"taxonomy":"post_tag","embeddable":true,"href":"https:\/\/blog.federacionfotovasca.org\/eu\/wp-json\/wp\/v2\/tags?post=2533"}],"curies":[{"name":"wp","href":"https:\/\/api.w.org\/{rel}","templated":true}]}}