{"id":2537,"date":"2010-11-30T21:15:42","date_gmt":"2010-11-30T20:15:42","guid":{"rendered":"https:\/\/www.federacionfotovasca.org\/?p=2537"},"modified":"2010-12-08T18:33:24","modified_gmt":"2010-12-08T17:33:24","slug":"primer-hermanamiento-fotografico","status":"publish","type":"post","link":"https:\/\/blog.federacionfotovasca.org\/eu\/primer-hermanamiento-fotografico\/","title":{"rendered":"PRIMER HERMANAMIENTO FOTOGR\u00c1FICO"},"content":{"rendered":"<p style=\"text-align: justify;\">En Logro\u00f1o, el pasado d\u00eda 20 de noviembre, la Agrupaci\u00f3n  Fotogr\u00e1fica de La Rioja y la Sociedad Fotogr\u00e1fica de Gipuzkoa,  formalizaron su HERMANAMIENTO. Posiblemente sea el primero ocurrido en  Espa\u00f1a entre grupos fotogr\u00e1ficos. Esta hermandad tiene como fin  compartir todo lo relacionado con la fotograf\u00eda m\u00e1s all\u00e1 del \u00e1mbito  local. Los Presidentes de ambas sociedades, Julio Tejadas y Eduardo  Bastida, firmaron el acuerdo de intenciones para intercambiar  fotograf\u00eda, jurados, exposiciones, etc. adem\u00e1s de que los socios  compartir\u00e1n derechos y obligaciones cuando se desplacen bien a Logro\u00f1o o  a San Sebasti\u00e1n. Actu\u00f3 de testigo Emilio Arenzana, presidente de la  Casa de La Rioja en Guip\u00fazcoa, promotora de la iniciativa. Ambas  delegaciones fueron recibidas por el Consejero de la Presidencia de la  C.A. de La Rioja y en el Ayuntamiento por el Alcalde de Logro\u00f1o. Hubo  una ceremonia de firma, inauguraci\u00f3n de la exposici\u00f3n conjunta, visita  tur\u00edstico-fotogr\u00e1fica a Logro\u00f1o y una comida de hermandad. Este acuerdo  ser\u00e1 confirmado a primeros de 2011 en Donostia. Larga vida al  HERMANAMIENTO. Esperamos que cunda el ejemplo.<\/p>\n<p style=\"text-align: justify;\"><a href=\"https:\/\/www.federacionfotovasca.org\/wp-content\/uploads\/2010\/11\/Andoni-Gascon_foto-hermanamiento.jpg\" target=\"_blank\"><img loading=\"lazy\" decoding=\"async\" class=\"alignnone size-full wp-image-2555\" title=\"Andoni Gascon_foto hermanamiento\" src=\"https:\/\/www.federacionfotovasca.org\/wp-content\/uploads\/2010\/11\/Andoni-Gascon_foto-hermanamiento.jpg\" alt=\"\" width=\"613\" height=\"345\" srcset=\"https:\/\/blog.federacionfotovasca.org\/wp-content\/uploads\/2010\/11\/Andoni-Gascon_foto-hermanamiento.jpg 1021w, https:\/\/blog.federacionfotovasca.org\/wp-content\/uploads\/2010\/11\/Andoni-Gascon_foto-hermanamiento-300x169.jpg 300w, https:\/\/blog.federacionfotovasca.org\/wp-content\/uploads\/2010\/11\/Andoni-Gascon_foto-hermanamiento-620x349.jpg 620w, https:\/\/blog.federacionfotovasca.org\/wp-content\/uploads\/2010\/11\/Andoni-Gascon_foto-hermanamiento-768x433.jpg 768w, https:\/\/blog.federacionfotovasca.org\/wp-content\/uploads\/2010\/11\/Andoni-Gascon_foto-hermanamiento-940x529.jpg 940w\" sizes=\"auto, (max-width: 613px) 100vw, 613px\" \/><\/a><\/p>\n<p style=\"text-align: justify;\">\n","protected":false},"excerpt":{"rendered":"<p>En Logro\u00f1o, el pasado d\u00eda 20 de noviembre, la Agrupaci\u00f3n Fotogr\u00e1fica de La Rioja y la Sociedad Fotogr\u00e1fica de Gipuzkoa, formalizaron su HERMANAMIENTO. Posiblemente sea el primero ocurrido en Espa\u00f1a entre grupos fotogr\u00e1ficos. Esta hermandad tiene como fin compartir todo &hellip; <a href=\"https:\/\/blog.federacionfotovasca.org\/eu\/primer-hermanamiento-fotografico\/\">Continue reading <span class=\"meta-nav\">&rarr;<\/span><\/a><\/p>\n","protected":false},"author":1,"featured_media":0,"comment_status":"open","ping_status":"open","sticky":false,"template":"","format":"standard","meta":{"footnotes":""},"categories":[26,9],"tags":[4,416,418],"class_list":["post-2537","post","type-post","status-publish","format-standard","hentry","category-expocisiones","category-federacion","tag-exposiciones","tag-federacion","tag-noticias"],"_links":{"self":[{"href":"https:\/\/blog.federacionfotovasca.org\/eu\/wp-json\/wp\/v2\/posts\/2537","targetHints":{"allow":["GET"]}}],"collection":[{"href":"https:\/\/blog.federacionfotovasca.org\/eu\/wp-json\/wp\/v2\/posts"}],"about":[{"href":"https:\/\/blog.federacionfotovasca.org\/eu\/wp-json\/wp\/v2\/types\/post"}],"author":[{"embeddable":true,"href":"https:\/\/blog.federacionfotovasca.org\/eu\/wp-json\/wp\/v2\/users\/1"}],"replies":[{"embeddable":true,"href":"https:\/\/blog.federacionfotovasca.org\/eu\/wp-json\/wp\/v2\/comments?post=2537"}],"version-history":[{"count":1,"href":"https:\/\/blog.federacionfotovasca.org\/eu\/wp-json\/wp\/v2\/posts\/2537\/revisions"}],"predecessor-version":[{"id":2556,"href":"https:\/\/blog.federacionfotovasca.org\/eu\/wp-json\/wp\/v2\/posts\/2537\/revisions\/2556"}],"wp:attachment":[{"href":"https:\/\/blog.federacionfotovasca.org\/eu\/wp-json\/wp\/v2\/media?parent=2537"}],"wp:term":[{"taxonomy":"category","embeddable":true,"href":"https:\/\/blog.federacionfotovasca.org\/eu\/wp-json\/wp\/v2\/categories?post=2537"},{"taxonomy":"post_tag","embeddable":true,"href":"https:\/\/blog.federacionfotovasca.org\/eu\/wp-json\/wp\/v2\/tags?post=2537"}],"curies":[{"name":"wp","href":"https:\/\/api.w.org\/{rel}","templated":true}]}}