{"id":2540,"date":"2010-12-08T13:27:09","date_gmt":"2010-12-08T12:27:09","guid":{"rendered":"https:\/\/www.federacionfotovasca.org\/?p=2540"},"modified":"2010-12-08T18:10:54","modified_gmt":"2010-12-08T17:10:54","slug":"concurso-fotografico-enrollate-al-casco-medieval-de-vitoria-gasteiz","status":"publish","type":"post","link":"https:\/\/blog.federacionfotovasca.org\/eu\/concurso-fotografico-enrollate-al-casco-medieval-de-vitoria-gasteiz\/","title":{"rendered":"Concurso Fotogr\u00e1fico ENR\u00d3LLATE AL CASCO MEDIEVAL de Vitoria-Gasteiz"},"content":{"rendered":"<p><a href=\"https:\/\/www.federacionfotovasca.org\/wp-content\/uploads\/2010\/12\/Enroll\u00e1te-al-CM-de-Vitoria.jpg\"><img loading=\"lazy\" decoding=\"async\" class=\"alignleft size-medium wp-image-2549\" title=\"Enroll\u00e1te al CM de Vitoria\" src=\"https:\/\/www.federacionfotovasca.org\/wp-content\/uploads\/2010\/12\/Enroll\u00e1te-al-CM-de-Vitoria-212x300.jpg\" alt=\"\" width=\"300\" height=\"370\" \/><\/a><\/p>\n<p>El grupo fotogr\u00e1fico RdeR y GasteizOn organizamos la primera edici\u00f3n de este concurso digital con las caracter\u00edsticas generales siguientes (informaci\u00f3n completa y bases disponibles en <a href=\"http:\/\/www.rder.es\">www.rder.es<\/a>):<\/p>\n<p>&#8211; Tem\u00e1tica: Casco Medieval de Vitoria-Gasteiz<\/p>\n<p>&#8211; Modalidad: Digital, env\u00edo de 2 im\u00e1genes<\/p>\n<p>&#8211; Inscripci\u00f3n: Formulario y &#8220;pago de cuota verde&#8221; mediante un rollo de pel\u00edcula digital caducada.<\/p>\n<p>&#8211; Nota Importante: El env\u00edo de las im\u00e1genes es complatible con cualquier otra utilizaci\u00f3n que el autor quiera hacer de las mismas.<\/p>\n<p><a href=\"https:\/\/www.federacionfotovasca.org\/wp-content\/uploads\/2010\/12\/Enroll\u00e1te-al-CM-de-Vitoria-20102.pdf\">Enroll\u00e1te al CM de Vitoria 2010<\/a><\/p>\n","protected":false},"excerpt":{"rendered":"<p>El grupo fotogr\u00e1fico RdeR y GasteizOn organizamos la primera edici\u00f3n de este concurso digital con las caracter\u00edsticas generales siguientes (informaci\u00f3n completa y bases disponibles en www.rder.es): &#8211; Tem\u00e1tica: Casco Medieval de Vitoria-Gasteiz &#8211; Modalidad: Digital, env\u00edo de 2 im\u00e1genes &#8211; &hellip; <a href=\"https:\/\/blog.federacionfotovasca.org\/eu\/concurso-fotografico-enrollate-al-casco-medieval-de-vitoria-gasteiz\/\">Continue reading <span class=\"meta-nav\">&rarr;<\/span><\/a><\/p>\n","protected":false},"author":24,"featured_media":0,"comment_status":"open","ping_status":"open","sticky":false,"template":"","format":"standard","meta":{"footnotes":""},"categories":[36,15,23],"tags":[117,35],"class_list":["post-2540","post","type-post","status-publish","format-standard","hentry","category-concursos","category-general","category-noticias","tag-rder","tag-vitoria"],"_links":{"self":[{"href":"https:\/\/blog.federacionfotovasca.org\/eu\/wp-json\/wp\/v2\/posts\/2540","targetHints":{"allow":["GET"]}}],"collection":[{"href":"https:\/\/blog.federacionfotovasca.org\/eu\/wp-json\/wp\/v2\/posts"}],"about":[{"href":"https:\/\/blog.federacionfotovasca.org\/eu\/wp-json\/wp\/v2\/types\/post"}],"author":[{"embeddable":true,"href":"https:\/\/blog.federacionfotovasca.org\/eu\/wp-json\/wp\/v2\/users\/24"}],"replies":[{"embeddable":true,"href":"https:\/\/blog.federacionfotovasca.org\/eu\/wp-json\/wp\/v2\/comments?post=2540"}],"version-history":[{"count":1,"href":"https:\/\/blog.federacionfotovasca.org\/eu\/wp-json\/wp\/v2\/posts\/2540\/revisions"}],"predecessor-version":[{"id":2553,"href":"https:\/\/blog.federacionfotovasca.org\/eu\/wp-json\/wp\/v2\/posts\/2540\/revisions\/2553"}],"wp:attachment":[{"href":"https:\/\/blog.federacionfotovasca.org\/eu\/wp-json\/wp\/v2\/media?parent=2540"}],"wp:term":[{"taxonomy":"category","embeddable":true,"href":"https:\/\/blog.federacionfotovasca.org\/eu\/wp-json\/wp\/v2\/categories?post=2540"},{"taxonomy":"post_tag","embeddable":true,"href":"https:\/\/blog.federacionfotovasca.org\/eu\/wp-json\/wp\/v2\/tags?post=2540"}],"curies":[{"name":"wp","href":"https:\/\/api.w.org\/{rel}","templated":true}]}}