{"id":2765,"date":"2011-04-24T20:15:30","date_gmt":"2011-04-24T18:15:30","guid":{"rendered":"https:\/\/www.federacionfotovasca.org\/?p=2765"},"modified":"2011-04-24T20:32:59","modified_gmt":"2011-04-24T18:32:59","slug":"fotonatura-lanza-una-nueva-version-y-cambia-su-aspecto","status":"publish","type":"post","link":"https:\/\/blog.federacionfotovasca.org\/eu\/fotonatura-lanza-una-nueva-version-y-cambia-su-aspecto\/","title":{"rendered":"Fotonatura lanza una nueva versi\u00f3n y cambia su aspecto"},"content":{"rendered":"<p><span style=\"font-family: Calibri; font-size: small;\">\u00bfQu\u00e9 tal? Os escribo desde\u00a0<a href=\"http:\/\/fotonatura.org\/\" target=\"_blank\">Fotonatura.org<\/a>,  mi nombre es Ana y formo parte del equipo de comunicaci\u00f3n de esta  comunidad. Me pongo en contacto con vosotros,\u00a0 ya que seguimos vuestro  blog y\u00a0 sabemos que sois unos amantes de la fotograf\u00eda como nosotros.<\/span><\/p>\n<p><span style=\"font-family: Calibri; font-size: small;\">Por  est\u00e1 raz\u00f3n, nos gustar\u00eda daros una noticia en primicia. Hoy mismo  arrancamos una nueva versi\u00f3n de Fotonatura.org, con la intenci\u00f3n de  mejorar el servicio que prestamos a nuestra comunidad.<\/span><\/p>\n<p><span style=\"font-family: Calibri; font-size: small;\"><a href=\"https:\/\/www.federacionfotovasca.org\/wp-content\/uploads\/2011\/04\/24-04-2011-20-10-54.jpg\"><img loading=\"lazy\" decoding=\"async\" class=\"alignnone size-full wp-image-2766\" style=\"border: 1px solid black;\" title=\"24-04-2011 20-10-54\" src=\"https:\/\/www.federacionfotovasca.org\/wp-content\/uploads\/2011\/04\/24-04-2011-20-10-54.jpg\" alt=\"\" width=\"640\" height=\"537\" srcset=\"https:\/\/blog.federacionfotovasca.org\/wp-content\/uploads\/2011\/04\/24-04-2011-20-10-54.jpg 640w, https:\/\/blog.federacionfotovasca.org\/wp-content\/uploads\/2011\/04\/24-04-2011-20-10-54-300x252.jpg 300w, https:\/\/blog.federacionfotovasca.org\/wp-content\/uploads\/2011\/04\/24-04-2011-20-10-54-620x520.jpg 620w\" sizes=\"auto, (max-width: 640px) 100vw, 640px\" \/><\/a><br \/>\n<\/span><\/p>\n<p><span style=\"font-family: Calibri; font-size: small;\">Hemos  escuchado muchas de las demandas que nuestros 35.000 usuarios  registrados hacen y hemos decidido renovar completamente el dise\u00f1o de  Fotonatura.org, para darle un toque m\u00e1s simple y practico a la web. <\/span><\/p>\n<p><span style=\"font-family: Calibri; font-size: small;\">En  el documento que os adjuntamos os contamos algunos de los cambios m\u00e1s  significativos. Nos gustar\u00eda mucho que hicieras eco de esta noticia.\u00a0  Tenemos muchas sorpresas preparadas de aqu\u00ed a una semanas y quisi\u00e9ramos  contar con una de vuestras publicaciones. De hecho, tenemos algo en  mente que seguro no os dejar\u00e1 indiferente. <a href=\"https:\/\/www.federacionfotovasca.org\/wp-content\/uploads\/2011\/04\/FOTONATURA_lanzamientoweb.pdf\" target=\"_blank\">FOTONATURA_lanzamientoweb<\/a><br \/>\n<\/span><\/p>\n<p><span style=\"font-family: Calibri; font-size: small;\">Agradecer\u00edamos,  mucho que nos ayudarais con un post informando de nuestro  relanzamiento. Tambi\u00e9n esperamos que nos deis vuestra opini\u00f3n sobre  estos nuevos cambios para seguir mejorando. <\/span><\/p>\n<p><span style=\"font-family: Calibri; font-size: small;\">Daros  las gracias de antemano, y si decid\u00eds colaborar con nosotros os  estaremos muy agradecido.\u00a0 Si ten\u00e9is alguna sugerencia, no dud\u00e9is en  escribirnos a la direcci\u00f3n de este mail.<\/span><\/p>\n<p><span style=\"font-family: Calibri; font-size: small;\">Recibe un cordial saludo.<\/span><\/p>\n<p><span style=\"font-family: Calibri; font-size: small;\">El equipo de Fotonatura<\/span><\/p>\n","protected":false},"excerpt":{"rendered":"<p>\u00bfQu\u00e9 tal? Os escribo desde\u00a0Fotonatura.org, mi nombre es Ana y formo parte del equipo de comunicaci\u00f3n de esta comunidad. Me pongo en contacto con vosotros,\u00a0 ya que seguimos vuestro blog y\u00a0 sabemos que sois unos amantes de la fotograf\u00eda como &hellip; <a href=\"https:\/\/blog.federacionfotovasca.org\/eu\/fotonatura-lanza-una-nueva-version-y-cambia-su-aspecto\/\">Continue reading <span class=\"meta-nav\">&rarr;<\/span><\/a><\/p>\n","protected":false},"author":1,"featured_media":0,"comment_status":"open","ping_status":"open","sticky":false,"template":"","format":"standard","meta":{"footnotes":""},"categories":[23,8],"tags":[418],"class_list":["post-2765","post","type-post","status-publish","format-standard","hentry","category-noticias","category-web","tag-noticias"],"_links":{"self":[{"href":"https:\/\/blog.federacionfotovasca.org\/eu\/wp-json\/wp\/v2\/posts\/2765","targetHints":{"allow":["GET"]}}],"collection":[{"href":"https:\/\/blog.federacionfotovasca.org\/eu\/wp-json\/wp\/v2\/posts"}],"about":[{"href":"https:\/\/blog.federacionfotovasca.org\/eu\/wp-json\/wp\/v2\/types\/post"}],"author":[{"embeddable":true,"href":"https:\/\/blog.federacionfotovasca.org\/eu\/wp-json\/wp\/v2\/users\/1"}],"replies":[{"embeddable":true,"href":"https:\/\/blog.federacionfotovasca.org\/eu\/wp-json\/wp\/v2\/comments?post=2765"}],"version-history":[{"count":1,"href":"https:\/\/blog.federacionfotovasca.org\/eu\/wp-json\/wp\/v2\/posts\/2765\/revisions"}],"predecessor-version":[{"id":2769,"href":"https:\/\/blog.federacionfotovasca.org\/eu\/wp-json\/wp\/v2\/posts\/2765\/revisions\/2769"}],"wp:attachment":[{"href":"https:\/\/blog.federacionfotovasca.org\/eu\/wp-json\/wp\/v2\/media?parent=2765"}],"wp:term":[{"taxonomy":"category","embeddable":true,"href":"https:\/\/blog.federacionfotovasca.org\/eu\/wp-json\/wp\/v2\/categories?post=2765"},{"taxonomy":"post_tag","embeddable":true,"href":"https:\/\/blog.federacionfotovasca.org\/eu\/wp-json\/wp\/v2\/tags?post=2765"}],"curies":[{"name":"wp","href":"https:\/\/api.w.org\/{rel}","templated":true}]}}