{"id":3117,"date":"2012-02-17T18:18:18","date_gmt":"2012-02-17T17:18:18","guid":{"rendered":"https:\/\/www.federacionfotovasca.org\/?p=3117"},"modified":"2012-02-17T18:18:18","modified_gmt":"2012-02-17T17:18:18","slug":"xiii-jornadas-fotograficas-profesionales-de-san-sebastian","status":"publish","type":"post","link":"https:\/\/blog.federacionfotovasca.org\/eu\/xiii-jornadas-fotograficas-profesionales-de-san-sebastian\/","title":{"rendered":"XIII Jornadas Fotogr\u00e1ficas Profesionales de San Sebasti\u00e1n"},"content":{"rendered":"<p><strong>Ya queda menos para las pr\u00f3ximas XIII Jornadas Fotogr\u00e1ficas Profesionales de San Sebasti\u00e1n.<\/strong><\/p>\n<p><strong>\u00a1\u00a1No te quedes sin plaza!!<\/strong><\/p>\n<p>Un a\u00f1o m\u00e1s, os hemos preparado un programa orientado totalmente a aquello que m\u00e1s os interesa, aquello que a trav\u00e9s de consultas nos hac\u00e9is llegar, y este a\u00f1o, sin duda alguna, el tema estrella ha sido la <strong>fotograf\u00eda de boda<\/strong>.<\/p>\n<p>As\u00ed que hemos recogido ese testigo que nos hab\u00e9is lanzado y estas jornadas contamos con dos fot\u00f3grafos de boda del m\u00e1s alto nivel, nacional e internacionalmente:<\/p>\n<ul>\n<li><em><strong>Jorge<\/strong><\/em><em><strong> Miguel Jaime\u00a0\u00a0\u00a0\u00a0\u00a0\u00a0\u00a0\u00a0\u00a0\u00a0 <a href=\"https:\/\/www.federacionfotovasca.org\/wp-content\/uploads\/2012\/02\/jornadas_2012.pdf\" target=\"_blank\"><img loading=\"lazy\" decoding=\"async\" class=\"alignright size-full wp-image-3118\" title=\"17-02-2012 18-14-12\" src=\"https:\/\/www.federacionfotovasca.org\/wp-content\/uploads\/2012\/02\/17-02-2012-18-14-12.jpg\" alt=\"\" width=\"643\" height=\"454\" srcset=\"https:\/\/blog.federacionfotovasca.org\/wp-content\/uploads\/2012\/02\/17-02-2012-18-14-12.jpg 643w, https:\/\/blog.federacionfotovasca.org\/wp-content\/uploads\/2012\/02\/17-02-2012-18-14-12-300x212.jpg 300w, https:\/\/blog.federacionfotovasca.org\/wp-content\/uploads\/2012\/02\/17-02-2012-18-14-12-620x438.jpg 620w\" sizes=\"auto, (max-width: 643px) 100vw, 643px\" \/><\/a><br \/>\n<\/strong><\/em><\/li>\n<\/ul>\n<p>Varias colecciones de honor, Premio Lucus Augusti y nominado a los Goya, una excelente carta de presentaci\u00f3n para un fot\u00f3grafo cuya filosof\u00eda es &#8220;tu boda es para m\u00ed, mi boda&#8221;<\/p>\n<ul>\n<li><em><strong>Todd Laffler<\/strong><\/em><\/li>\n<\/ul>\n<p>Un fot\u00f3grafo que nos llega desde el otro lado del charco, directamente <strong>desde California<\/strong> con un estilo informal, divertido y fresco. Y es que tal y como \u00e9l mismo nos cuenta: &#8220;Yo me esfuerzo para inyectar diversi\u00f3n en una fotograf\u00eda&#8221; y est\u00e1 claro que lo consigue, en todas sus fotograf\u00edas se aprecia esa frescura especial y ese buen hacer. Compru\u00e9balo t\u00fa mismo en su p\u00e1gina <a href=\"http:\/\/lafflerphotography.com\/\" target=\"_blank\">http:\/\/lafflerphotography.com\/<\/a><\/p>\n<p>Adem\u00e1s, sabemos que estar al d\u00eda sobre las \u00faltimas novedades del mundo profesional es hoy en d\u00eda una prioridad, as\u00ed que contaremos con la presentaci\u00f3n de la c\u00e1mara que m\u00e1s expectaci\u00f3n est\u00e1 causando actualmente, la nueva <strong>Canon EOS<\/strong><strong> 1D X<\/strong>, directamente de la mano de Canon Espa\u00f1a. As\u00edmismo, contaremos con la presencia de las primeras marcas del sector.<\/p>\n<p>Y como no todo va a ser trabajar, por supuesto que no pod\u00edamos olvidarnos de lo que, por m\u00e9ritos propios, se ha convertido ya en tradici\u00f3n; La comida en la sidrer\u00eda, donde una vez m\u00e1s disfrutaremos de ese ambiente de hermandad entre amigos y colegas.<\/p>\n<p>Os esperamos.<\/p>\n<p><strong>Fechas:<\/strong><br \/>\n<em>28 y 29 de Febrero de 2012<\/em><\/p>\n<p><strong>Lugar:<\/strong><br \/>\n<em>Hotel NH Aranzazu<\/em><em><br \/>\n<em>Avda. Vitoria-Gasteiz, 1<\/em><\/em><br \/>\n20018 Donostia-San Sebasti\u00e1n<br \/>\n943.219.077<\/p>\n<p><strong>Precio:<\/strong><em><br \/>\n<em>150\u20ac por persona <\/em><br \/>\n<\/em><strong>M\u00e1s informaci\u00f3n y reservas<\/strong><em>:<\/em><br \/>\n<em>Telef\u00f3nicamente en el 944.11.84.11 (Srta. M\u00f3nica) \u00f3 pinchando <a href=\"mailto:maldana@grupoaldana.com?subject=Jornadas%20Fotogr%C3%A1ficas%202012&amp;body=ESTARIA%20INTERESADO%20EN%0A%5B%20%20%20%5D%20%20Recibir%20m%C3%A1s%20informaci%C3%B3n%0A%5B%20%20%20%5D%20%20Efectuar%20la%20reserva%20para%20%5B%20%20%20%5D%20persona%2Fs%0A%0AMIS%20DATOS%20SON%0ANombre%20y%20Apellidos%3A%0ADNI%2FCIF%3A%0AE-Mail%3A%0ATfno.%20de%20contacto%3A%0A%0ASOY%20CLIENTE%20DE%20ALDANA%0A%5B%20%20%20%5D%20S%C3%AD%0A%5B%20%20%20%5D%20No%0A%0ACOMENTARIOS%3A%0A%0A\" target=\"_blank\">aqu\u00ed<\/a><\/em><\/p>\n","protected":false},"excerpt":{"rendered":"<p>Ya queda menos para las pr\u00f3ximas XIII Jornadas Fotogr\u00e1ficas Profesionales de San Sebasti\u00e1n. \u00a1\u00a1No te quedes sin plaza!! Un a\u00f1o m\u00e1s, os hemos preparado un programa orientado totalmente a aquello que m\u00e1s os interesa, aquello que a trav\u00e9s de consultas &hellip; <a href=\"https:\/\/blog.federacionfotovasca.org\/eu\/xiii-jornadas-fotograficas-profesionales-de-san-sebastian\/\">Continue reading <span class=\"meta-nav\">&rarr;<\/span><\/a><\/p>\n","protected":false},"author":1,"featured_media":0,"comment_status":"open","ping_status":"open","sticky":false,"template":"","format":"standard","meta":{"footnotes":""},"categories":[39],"tags":[32,29],"class_list":["post-3117","post","type-post","status-publish","format-standard","hentry","category-cursos","tag-donosti","tag-taller"],"_links":{"self":[{"href":"https:\/\/blog.federacionfotovasca.org\/eu\/wp-json\/wp\/v2\/posts\/3117","targetHints":{"allow":["GET"]}}],"collection":[{"href":"https:\/\/blog.federacionfotovasca.org\/eu\/wp-json\/wp\/v2\/posts"}],"about":[{"href":"https:\/\/blog.federacionfotovasca.org\/eu\/wp-json\/wp\/v2\/types\/post"}],"author":[{"embeddable":true,"href":"https:\/\/blog.federacionfotovasca.org\/eu\/wp-json\/wp\/v2\/users\/1"}],"replies":[{"embeddable":true,"href":"https:\/\/blog.federacionfotovasca.org\/eu\/wp-json\/wp\/v2\/comments?post=3117"}],"version-history":[{"count":1,"href":"https:\/\/blog.federacionfotovasca.org\/eu\/wp-json\/wp\/v2\/posts\/3117\/revisions"}],"predecessor-version":[{"id":3120,"href":"https:\/\/blog.federacionfotovasca.org\/eu\/wp-json\/wp\/v2\/posts\/3117\/revisions\/3120"}],"wp:attachment":[{"href":"https:\/\/blog.federacionfotovasca.org\/eu\/wp-json\/wp\/v2\/media?parent=3117"}],"wp:term":[{"taxonomy":"category","embeddable":true,"href":"https:\/\/blog.federacionfotovasca.org\/eu\/wp-json\/wp\/v2\/categories?post=3117"},{"taxonomy":"post_tag","embeddable":true,"href":"https:\/\/blog.federacionfotovasca.org\/eu\/wp-json\/wp\/v2\/tags?post=3117"}],"curies":[{"name":"wp","href":"https:\/\/api.w.org\/{rel}","templated":true}]}}