{"id":3121,"date":"2012-02-17T18:31:29","date_gmt":"2012-02-17T17:31:29","guid":{"rendered":"https:\/\/www.federacionfotovasca.org\/?p=3121"},"modified":"2012-02-17T18:35:50","modified_gmt":"2012-02-17T17:35:50","slug":"taller-de-timelapse-10-de-marzo","status":"publish","type":"post","link":"https:\/\/blog.federacionfotovasca.org\/eu\/taller-de-timelapse-10-de-marzo\/","title":{"rendered":"Taller de Timelapse (10 de Marzo)"},"content":{"rendered":"<div>\n<p>La SFG comienza con este taller la nueva oferta formativa del a\u00f1o 2012.<\/p>\n<p>La t\u00e9cnica del timelapse, es uno de los recursos audiovisuales que m\u00e1s demanda tiene en la actualidad. Su uso a nivel profesional est\u00e1 siendo utilizado en publicidad, televisi\u00f3n, cine, documentales, videoclips y proyectos audiovisuales de todo tipo.<\/p>\n<p>[vimeo <a href=\"http:\/\/vimeo.com\/11187631\" target=\"_blank\">http:\/\/vimeo.com\/11187631<\/a>]<\/p>\n<p><a href=\"http:\/\/vimeo.com\/luiscaldevilla\" target=\"_blank\">Luis Caldevilla<\/a>\u00a0en Antena3.<\/p>\n<p>El taller tendr\u00e1 lugar el d\u00eda\u00a010 de Marzo\u00a0y constar\u00e1 de una sesi\u00f3n te\u00f3rica de 4 horas y una salida pr\u00e1ctica en la que conseguiremos realizar nuestro primer timelapse (ma\u00f1ana y tarde). Adem\u00e1s, despu\u00e9s de la salida pr\u00e1ctica, volveremos a la SFG para que nos ense\u00f1en c\u00f3mo procesar nuestra captura y as\u00ed dar por concluido nuestro primer timelapse.<\/p>\n<p>La sesi\u00f3n ser\u00e1 dirigida por\u00a0<a href=\"http:\/\/luiscaldevilla.com\/\" target=\"_blank\">Luis Caldevilla<\/a>, maestro en la captura del tiempo, uno de los primeros y m\u00e1s relevantes timelapsers de la pen\u00ednsula, y por\u00a0<a href=\"http:\/\/www.alvaroarroyo.com\/\" target=\"_blank\">Alvaro Arroyo<\/a>, compa\u00f1ero y socio de la SFG-SS ganador del concurso BBK timlapse 2011.<\/p>\n<p>[youtube]<a href=\"http:\/\/www.youtube.com\/watch?v=Es53aI-aDk0[\/youtube]\" target=\"_blank\">http:\/\/www.youtube.<wbr>com\/watch?v=Es53aI-aDk0[\/<wbr>youtube]<\/wbr><\/wbr><\/a><\/p>\n<p>Timlapse ganador de BBK Timelapse 2011,\u00a0<a href=\"http:\/\/vimeo.com\/user3992292\" target=\"_blank\">Alvaro Arroyo<\/a>.<\/p>\n<p>El taller est\u00e1 abierto tanto a socios como a no socios pero el aforo es limitado. Para cualquier consulta pod\u00e9is dirigiros a <a href=\"mailto:sfg@sfg-ss.com\" target=\"_blank\">sfg@sfg-ss.com<\/a> o bien llamar a la SFG (943421386).<\/p>\n<p>Date prisa y no esperes hasta el \u00faltimo momento.\u00a0\u00a1Merecer\u00e1 la pena!<\/p>\n<\/div>\n<p><iframe loading=\"lazy\" src=\"http:\/\/www.youtube.com\/embed\/Es53aI-aDk0\" frameborder=\"0\" width=\"560\" height=\"315\"><\/iframe><\/p>\n","protected":false},"excerpt":{"rendered":"<p>La SFG comienza con este taller la nueva oferta formativa del a\u00f1o 2012. La t\u00e9cnica del timelapse, es uno de los recursos audiovisuales que m\u00e1s demanda tiene en la actualidad. Su uso a nivel profesional est\u00e1 siendo utilizado en publicidad, &hellip; <a href=\"https:\/\/blog.federacionfotovasca.org\/eu\/taller-de-timelapse-10-de-marzo\/\">Continue reading <span class=\"meta-nav\">&rarr;<\/span><\/a><\/p>\n","protected":false},"author":1,"featured_media":0,"comment_status":"open","ping_status":"open","sticky":false,"template":"","format":"standard","meta":{"footnotes":""},"categories":[39],"tags":[32,29],"class_list":["post-3121","post","type-post","status-publish","format-standard","hentry","category-cursos","tag-donosti","tag-taller"],"_links":{"self":[{"href":"https:\/\/blog.federacionfotovasca.org\/eu\/wp-json\/wp\/v2\/posts\/3121","targetHints":{"allow":["GET"]}}],"collection":[{"href":"https:\/\/blog.federacionfotovasca.org\/eu\/wp-json\/wp\/v2\/posts"}],"about":[{"href":"https:\/\/blog.federacionfotovasca.org\/eu\/wp-json\/wp\/v2\/types\/post"}],"author":[{"embeddable":true,"href":"https:\/\/blog.federacionfotovasca.org\/eu\/wp-json\/wp\/v2\/users\/1"}],"replies":[{"embeddable":true,"href":"https:\/\/blog.federacionfotovasca.org\/eu\/wp-json\/wp\/v2\/comments?post=3121"}],"version-history":[{"count":1,"href":"https:\/\/blog.federacionfotovasca.org\/eu\/wp-json\/wp\/v2\/posts\/3121\/revisions"}],"predecessor-version":[{"id":3125,"href":"https:\/\/blog.federacionfotovasca.org\/eu\/wp-json\/wp\/v2\/posts\/3121\/revisions\/3125"}],"wp:attachment":[{"href":"https:\/\/blog.federacionfotovasca.org\/eu\/wp-json\/wp\/v2\/media?parent=3121"}],"wp:term":[{"taxonomy":"category","embeddable":true,"href":"https:\/\/blog.federacionfotovasca.org\/eu\/wp-json\/wp\/v2\/categories?post=3121"},{"taxonomy":"post_tag","embeddable":true,"href":"https:\/\/blog.federacionfotovasca.org\/eu\/wp-json\/wp\/v2\/tags?post=3121"}],"curies":[{"name":"wp","href":"https:\/\/api.w.org\/{rel}","templated":true}]}}