{"id":3127,"date":"2012-03-03T21:03:23","date_gmt":"2012-03-03T20:03:23","guid":{"rendered":"https:\/\/www.federacionfotovasca.org\/?p=3127"},"modified":"2012-03-03T21:03:23","modified_gmt":"2012-03-03T20:03:23","slug":"cconcurso-de-montana-y-naturaleza-2012","status":"publish","type":"post","link":"https:\/\/blog.federacionfotovasca.org\/eu\/cconcurso-de-montana-y-naturaleza-2012\/","title":{"rendered":"Cconcurso de monta\u00f1a y naturaleza 2012"},"content":{"rendered":"<p>Desde la sociedad fotogr\u00e1fica Argizpi os enviamos las bases del concurso de monta\u00f1a y naturaleza.<\/p>\n<p><a href=\"https:\/\/www.federacionfotovasca.org\/wp-content\/uploads\/2012\/03\/BasesConcursoMonta\u00f1aFinal.pdf\" target=\"_blank\"><img loading=\"lazy\" decoding=\"async\" class=\"size-full wp-image-3128 alignnone\" style=\"border: 1px solid black;\" title=\"03-03-2012 20-57-28\" src=\"https:\/\/www.federacionfotovasca.org\/wp-content\/uploads\/2012\/03\/03-03-2012-20-57-28.jpg\" alt=\"\" width=\"497\" height=\"808\" srcset=\"https:\/\/blog.federacionfotovasca.org\/wp-content\/uploads\/2012\/03\/03-03-2012-20-57-28.jpg 497w, https:\/\/blog.federacionfotovasca.org\/wp-content\/uploads\/2012\/03\/03-03-2012-20-57-28-300x488.jpg 300w\" sizes=\"auto, (max-width: 497px) 100vw, 497px\" \/><\/a><\/p>\n<p><a href=\"https:\/\/www.federacionfotovasca.org\/wp-content\/uploads\/2012\/03\/BasesConcursoMonta\u00f1aFinal.pdf\" target=\"_blank\">BasesConcursoMonta\u00f1aFinal<\/a><\/p>\n","protected":false},"excerpt":{"rendered":"<p>Desde la sociedad fotogr\u00e1fica Argizpi os enviamos las bases del concurso de monta\u00f1a y naturaleza. BasesConcursoMonta\u00f1aFinal<\/p>\n","protected":false},"author":1,"featured_media":0,"comment_status":"open","ping_status":"open","sticky":false,"template":"","format":"standard","meta":{"footnotes":""},"categories":[36,23],"tags":[419],"class_list":["post-3127","post","type-post","status-publish","format-standard","hentry","category-concursos","category-noticias","tag-concursos"],"_links":{"self":[{"href":"https:\/\/blog.federacionfotovasca.org\/eu\/wp-json\/wp\/v2\/posts\/3127","targetHints":{"allow":["GET"]}}],"collection":[{"href":"https:\/\/blog.federacionfotovasca.org\/eu\/wp-json\/wp\/v2\/posts"}],"about":[{"href":"https:\/\/blog.federacionfotovasca.org\/eu\/wp-json\/wp\/v2\/types\/post"}],"author":[{"embeddable":true,"href":"https:\/\/blog.federacionfotovasca.org\/eu\/wp-json\/wp\/v2\/users\/1"}],"replies":[{"embeddable":true,"href":"https:\/\/blog.federacionfotovasca.org\/eu\/wp-json\/wp\/v2\/comments?post=3127"}],"version-history":[{"count":1,"href":"https:\/\/blog.federacionfotovasca.org\/eu\/wp-json\/wp\/v2\/posts\/3127\/revisions"}],"predecessor-version":[{"id":3130,"href":"https:\/\/blog.federacionfotovasca.org\/eu\/wp-json\/wp\/v2\/posts\/3127\/revisions\/3130"}],"wp:attachment":[{"href":"https:\/\/blog.federacionfotovasca.org\/eu\/wp-json\/wp\/v2\/media?parent=3127"}],"wp:term":[{"taxonomy":"category","embeddable":true,"href":"https:\/\/blog.federacionfotovasca.org\/eu\/wp-json\/wp\/v2\/categories?post=3127"},{"taxonomy":"post_tag","embeddable":true,"href":"https:\/\/blog.federacionfotovasca.org\/eu\/wp-json\/wp\/v2\/tags?post=3127"}],"curies":[{"name":"wp","href":"https:\/\/api.w.org\/{rel}","templated":true}]}}