{"id":3225,"date":"2012-05-04T18:46:31","date_gmt":"2012-05-04T16:46:31","guid":{"rendered":"https:\/\/www.federacionfotovasca.org\/?p=3225"},"modified":"2012-05-04T18:47:36","modified_gmt":"2012-05-04T16:47:36","slug":"actividades-y-bases-de-rallyes-sfg","status":"publish","type":"post","link":"https:\/\/blog.federacionfotovasca.org\/eu\/actividades-y-bases-de-rallyes-sfg\/","title":{"rendered":"ACTIVIDADES Y BASES DE RALLYES SFG"},"content":{"rendered":"<p>Nos dirigimos a vosotros para comunicaros nuestros proyectos para \u201clos rallies\u201d de primavera.<\/p>\n<p>En primer lugar,\u00a0 deciros que vamos a organizar un rally especial,\u00a0 <strong>Olatu Talka 2016 (-4)<\/strong>,\u00a0 para integrarlo en las actividades que se vienen realizando en Donosti dentro del festival \u201cRompeolas\u201d que organiza desde hace algunos a\u00f1os la Oficina de la candidatura para capitalidad cultural europea \u00a0<em>Donosti 2016<\/em>.\u00a0 Se har\u00e1 durante el fin de semana del <strong>12 y 13 de Mayo<\/strong>, aprovechando las numerosas actividades que se desarrollan por las calles de la ciudad, as\u00ed que el Rally en lugar de un d\u00eda, se podr\u00e1 realizar durante todo el fin de semana.<\/p>\n<p>Tambi\u00e9n, dentro de \u201cRompeolas\u201d, la SFG organiza <strong>Estudioa Kalean<\/strong>, en el cual sacamos nuestro estudio fotogr\u00e1fico a la calle, en esta ocasi\u00f3n a los arkupes de la Plaza Gipuzkoa, el d\u00eda 12 de Mayo, para que todo el que quiera pueda acercarse hasta \u00e9l y hacerse unas fotos individuales o familiares; estamos durante todo el d\u00eda y tiene mucha aceptaci\u00f3n.<\/p>\n<p>Y por \u00faltimo, nuestro tradicional <strong>Rally Josetxo San Sebasti\u00e1n<\/strong>, se celebrar\u00e1 el d\u00eda <strong>26 de Mayo, s\u00e1bado<\/strong>, por la tarde.\u00a0 Se har\u00e1, al igual que el a\u00f1o pasado, en las instalaciones de Txillida Leku, para conmemorar el X aniversario del fallecimiento del escultor.<\/p>\n<p>Tambi\u00e9n nos gustar\u00eda saber si estar\u00edais dispuestos a colaborar con nosotros para ejercer de jurados de uno de los temas propuestos, en alguno de los dos rallies; quiz\u00e1 habr\u00eda que acercarse a la SFG una tarde, para visualizar las fotos y emitir \u201cel veredicto\u201d.<\/p>\n<p>Bueno, ya veis que tenemos \u201cla primavera\u201d llena de acontecimientos.\u00a0 Nos gustar\u00eda que nos acompa\u00f1aseis para disfrutar de unas jornadas haciendo lo que m\u00e1s nos gusta:\u00a0 FOTOS.<\/p>\n<p>Os enviamos las bases de los concursos, para que vay\u00e1is comentando y que la gente se anime a participar.\u00a0 Las bases podr\u00edan sufrir alguna variaci\u00f3n todav\u00eda, pero ya os las comentar\u00edamos.<\/p>\n<p><a href=\"https:\/\/www.federacionfotovasca.org\/wp-content\/uploads\/2012\/05\/BASES-Olatu-Talka-2016-4.pdf\" target=\"_blank\">BASES Olatu Talka 2016 (- 4)<\/a><\/p>\n<p><a href=\"https:\/\/www.federacionfotovasca.org\/wp-content\/uploads\/2012\/05\/BASES-JSS-2012.pdf\" target=\"_blank\">BASES JSS 2012<\/a><\/p>\n","protected":false},"excerpt":{"rendered":"<p>Nos dirigimos a vosotros para comunicaros nuestros proyectos para \u201clos rallies\u201d de primavera. En primer lugar,\u00a0 deciros que vamos a organizar un rally especial,\u00a0 Olatu Talka 2016 (-4),\u00a0 para integrarlo en las actividades que se vienen realizando en Donosti dentro &hellip; <a href=\"https:\/\/blog.federacionfotovasca.org\/eu\/actividades-y-bases-de-rallyes-sfg\/\">Continue reading <span class=\"meta-nav\">&rarr;<\/span><\/a><\/p>\n","protected":false},"author":1,"featured_media":0,"comment_status":"open","ping_status":"open","sticky":false,"template":"","format":"standard","meta":{"footnotes":""},"categories":[36],"tags":[32,58],"class_list":["post-3225","post","type-post","status-publish","format-standard","hentry","category-concursos","tag-donosti","tag-rally-fotografico"],"_links":{"self":[{"href":"https:\/\/blog.federacionfotovasca.org\/eu\/wp-json\/wp\/v2\/posts\/3225","targetHints":{"allow":["GET"]}}],"collection":[{"href":"https:\/\/blog.federacionfotovasca.org\/eu\/wp-json\/wp\/v2\/posts"}],"about":[{"href":"https:\/\/blog.federacionfotovasca.org\/eu\/wp-json\/wp\/v2\/types\/post"}],"author":[{"embeddable":true,"href":"https:\/\/blog.federacionfotovasca.org\/eu\/wp-json\/wp\/v2\/users\/1"}],"replies":[{"embeddable":true,"href":"https:\/\/blog.federacionfotovasca.org\/eu\/wp-json\/wp\/v2\/comments?post=3225"}],"version-history":[{"count":1,"href":"https:\/\/blog.federacionfotovasca.org\/eu\/wp-json\/wp\/v2\/posts\/3225\/revisions"}],"predecessor-version":[{"id":3230,"href":"https:\/\/blog.federacionfotovasca.org\/eu\/wp-json\/wp\/v2\/posts\/3225\/revisions\/3230"}],"wp:attachment":[{"href":"https:\/\/blog.federacionfotovasca.org\/eu\/wp-json\/wp\/v2\/media?parent=3225"}],"wp:term":[{"taxonomy":"category","embeddable":true,"href":"https:\/\/blog.federacionfotovasca.org\/eu\/wp-json\/wp\/v2\/categories?post=3225"},{"taxonomy":"post_tag","embeddable":true,"href":"https:\/\/blog.federacionfotovasca.org\/eu\/wp-json\/wp\/v2\/tags?post=3225"}],"curies":[{"name":"wp","href":"https:\/\/api.w.org\/{rel}","templated":true}]}}