{"id":3231,"date":"2012-05-04T19:19:38","date_gmt":"2012-05-04T17:19:38","guid":{"rendered":"https:\/\/www.federacionfotovasca.org\/?p=3231"},"modified":"2012-05-04T19:19:38","modified_gmt":"2012-05-04T17:19:38","slug":"taller-matias-costa-en-vitoria-gasteiz","status":"publish","type":"post","link":"https:\/\/blog.federacionfotovasca.org\/eu\/taller-matias-costa-en-vitoria-gasteiz\/","title":{"rendered":"Taller Matias Costa en Vitoria-Gasteiz"},"content":{"rendered":"<p>Ser\u00e1 el 2 y 3 de junio, s\u00e1bado y domingo, el <strong>taller<\/strong> que el fot\u00f3grafo <strong>Mat\u00edas Costa<\/strong> dar\u00e1 en los locales de la SFA-AAE, titulado <strong>&#8220;cartograf\u00eda personal&#8221;<\/strong>.<\/p>\n<p><a href=\"https:\/\/www.federacionfotovasca.org\/wp-content\/uploads\/2012\/05\/flyermatiasWeb-Copiar.jpg\"><img loading=\"lazy\" decoding=\"async\" class=\"alignnone size-full wp-image-3233\" title=\"flyermatiasWeb (Copiar)\" src=\"https:\/\/www.federacionfotovasca.org\/wp-content\/uploads\/2012\/05\/flyermatiasWeb-Copiar.jpg\" alt=\"\" width=\"640\" height=\"473\" srcset=\"https:\/\/blog.federacionfotovasca.org\/wp-content\/uploads\/2012\/05\/flyermatiasWeb-Copiar.jpg 640w, https:\/\/blog.federacionfotovasca.org\/wp-content\/uploads\/2012\/05\/flyermatiasWeb-Copiar-300x222.jpg 300w, https:\/\/blog.federacionfotovasca.org\/wp-content\/uploads\/2012\/05\/flyermatiasWeb-Copiar-620x458.jpg 620w\" sizes=\"auto, (max-width: 640px) 100vw, 640px\" \/><\/a><\/p>\n<p>En archivo adjunto os mando m\u00e1s datos del taller, as\u00ed como el formulario de inscripci\u00f3n. Tambi\u00e9n el la p\u00e1gina web (totalmente remodelada) de la asociaci\u00f3n pod\u00e9is encontrar el anuncio.<\/p>\n<p><a href=\"https:\/\/www.federacionfotovasca.org\/wp-content\/uploads\/2012\/05\/CARTOGRAFIA-PERSONAL.pdf\" target=\"_blank\">CARTOGRAFIA PERSONAL<\/a><\/p>\n<p><a href=\"https:\/\/www.federacionfotovasca.org\/wp-content\/uploads\/2012\/05\/formulario-inscripcion-taller.doc\" target=\"_blank\">formulario inscripcion taller<\/a><\/p>\n","protected":false},"excerpt":{"rendered":"<p>Ser\u00e1 el 2 y 3 de junio, s\u00e1bado y domingo, el taller que el fot\u00f3grafo Mat\u00edas Costa dar\u00e1 en los locales de la SFA-AAE, titulado &#8220;cartograf\u00eda personal&#8221;. En archivo adjunto os mando m\u00e1s datos del taller, as\u00ed como el formulario &hellip; <a href=\"https:\/\/blog.federacionfotovasca.org\/eu\/taller-matias-costa-en-vitoria-gasteiz\/\">Continue reading <span class=\"meta-nav\">&rarr;<\/span><\/a><\/p>\n","protected":false},"author":1,"featured_media":0,"comment_status":"open","ping_status":"open","sticky":false,"template":"","format":"standard","meta":{"footnotes":""},"categories":[39],"tags":[29,35],"class_list":["post-3231","post","type-post","status-publish","format-standard","hentry","category-cursos","tag-taller","tag-vitoria"],"_links":{"self":[{"href":"https:\/\/blog.federacionfotovasca.org\/eu\/wp-json\/wp\/v2\/posts\/3231","targetHints":{"allow":["GET"]}}],"collection":[{"href":"https:\/\/blog.federacionfotovasca.org\/eu\/wp-json\/wp\/v2\/posts"}],"about":[{"href":"https:\/\/blog.federacionfotovasca.org\/eu\/wp-json\/wp\/v2\/types\/post"}],"author":[{"embeddable":true,"href":"https:\/\/blog.federacionfotovasca.org\/eu\/wp-json\/wp\/v2\/users\/1"}],"replies":[{"embeddable":true,"href":"https:\/\/blog.federacionfotovasca.org\/eu\/wp-json\/wp\/v2\/comments?post=3231"}],"version-history":[{"count":1,"href":"https:\/\/blog.federacionfotovasca.org\/eu\/wp-json\/wp\/v2\/posts\/3231\/revisions"}],"predecessor-version":[{"id":3236,"href":"https:\/\/blog.federacionfotovasca.org\/eu\/wp-json\/wp\/v2\/posts\/3231\/revisions\/3236"}],"wp:attachment":[{"href":"https:\/\/blog.federacionfotovasca.org\/eu\/wp-json\/wp\/v2\/media?parent=3231"}],"wp:term":[{"taxonomy":"category","embeddable":true,"href":"https:\/\/blog.federacionfotovasca.org\/eu\/wp-json\/wp\/v2\/categories?post=3231"},{"taxonomy":"post_tag","embeddable":true,"href":"https:\/\/blog.federacionfotovasca.org\/eu\/wp-json\/wp\/v2\/tags?post=3231"}],"curies":[{"name":"wp","href":"https:\/\/api.w.org\/{rel}","templated":true}]}}