{"id":34,"date":"2006-04-27T18:30:14","date_gmt":"2006-04-27T18:30:14","guid":{"rendered":""},"modified":"2008-01-03T19:07:10","modified_gmt":"2008-01-03T19:07:10","slug":"junta-general-ordinaria","status":"publish","type":"post","link":"https:\/\/blog.federacionfotovasca.org\/eu\/junta-general-ordinaria\/","title":{"rendered":"Junta General Ordinaria"},"content":{"rendered":"<p><strong>S\u00e1bado 13 de mayo de 2006, a las 9,30 horas<\/strong> en primera convocatoria y a las 10 horas en segunda, en la sala de conferencias del Centro Cultural Amaia, en la C\/ Lopez de Becerra, de Ir\u00fan.<\/p>\n<p>{mosimage}<\/p>\n<p style=\"margin: 0pt; width: 57.33%; height: 18px\" class=\"MsoNormal main\"><strong style=\"font-size: 11pt; color: black; font-family: Arial\"><span>El programa de este a\u00f1o es el siguiente<\/span><\/strong><span style=\"font-size: 11pt; color: black; font-family: Arial\">:<\/span><\/p>\n<p>A las 9,30 h recepci\u00f3n y desayuno de bienvenida en la sala de conferencias del Centro Cultural Amaia de Ir\u00fan, en la C\/ Lopez de Becerra, con entrada frente a las v\u00edas del &#8220;topo&#8221;, entre la plaza de Pio XII y las escaleras de acceso al Paseo de Col\u00f3n<\/p>\n<p>A las 10 h Junta General de la Federaci\u00f3n.<\/p>\n<p>A las 13,30 h  Proyecci\u00f3n fotogr\u00e1fica en el mismo lugar.<\/p>\n<p>A las 14,30 h comida en la Cofrad\u00eda del Salm\u00f3n del Bidasoa, en la C\/ Mayor, junto al Ayuntamiento. (A unos cinco minutos a pie del Centro Cultural Amaia).<br \/>\nMen\u00fa: (salvo cambios de \u00faltima hora):<br \/>\n&#8211; Consom\u00e9<br \/>\n&#8211; Salm\u00f3n a la papillote (especialidad del cocinero)<br \/>\n&#8211; Solomillo con guarnici\u00f3n.<br \/>\n&#8211; Postre: tarta milhojas de Aguirre.<br \/>\n&#8211; Vinos, caf\u00e9, copa y cava.<\/p>\n<p><!--more--><\/p>\n<p>Al finalizar la misma se entregar\u00e1n los t\u00edtulos EFIAP conseguidos por Joseba Ibarra y Adolfo Vazquez y los de Artista de la CEF a Adolfo Vazquez, Igor Etxabe y Joseba Ibarra.   Finalmente se dar\u00e1 a conocer el resultado y se entregar\u00e1n los premios del Certamen ARGIZAIOLA 2006.<\/p>\n<p align=\"justify\"> A las 17 h: Visita a la esposici\u00f3n del ARGIZAIOLA 2006, en la Sala de la Caja Laboral, en el Paseo de Colon.<br \/>\n{mosimage}<\/p>\n<p align=\"justify\"> Los interesados en acudir a los diferentes apartados, deb\u00e9is poneros en contacto   antes  del 4 de mayo con Gerardo Garcia en los tel\u00e9fonos 943649689 \/ 649260606 o bien  dar el nombre en nuestro correo: <a href=\"mailto:afirunesa@yahoo.es\">afirunesa@yahoo.es<\/a> .<\/p>\n<p> El precio de la comida ser\u00e1 de 30 \u20ac, incluyendo el desayuno, por lo que hay que ingresarlo en la cta cte de la ASOCIACION FOTOGRAFICA IRUNESA (AFI) en la Kutxa:     2101 0202 36 0010239416 .<\/p>\n<p><strong>ORDEN DEL DIA DE LA JUNTA:   <\/strong><\/p>\n<blockquote>\n<p class=\"Estilo1\">1.- Aprobaci\u00f3n si procede del acta de la Junta anterior.<br \/>\n2.- Aprobaci\u00f3n del censo de Agrupaciones de la Federaci\u00f3n Vasca.<br \/>\n3.- Estado de cuentas. Balance 2.005. Presupuesto 2006.<br \/>\n4.- Informe del Congreso 2005 de la Confederaci\u00f3n  celebrado en  Andorra.<br \/>\nPremios Nacionales, trofeos CEF, fototeca de la CEF.<br \/>\n5.- Balance actividades: TOPAKETAK 2005- Vitoria<br \/>\n6.- TOPAKETAK 2006 : lugar y programa<br \/>\n7.- Congreso Federaci\u00f3n 2.007<br \/>\n8.-  Informe de las actividades de cada  Agrupaci\u00f3n en el a\u00f1o 2005<br \/>\n9.- ARGIZAIOLA 2005:  balance exposiciones y venta y distribuci\u00f3n del CD<br \/>\n10.- ARGIZAIOLA 2006: visionado CD-ROM, fecha exposiciones<br \/>\n11.- Nuevos trofeos Argizaiola<br \/>\n12.- INTERNET y foro.<br \/>\n13.- Publicaci\u00f3n de una colecci\u00f3n de libros sobre fot\u00f3grafos.<br \/>\n14.- Dep\u00f3sito de la Fototeca F.A.F.P.V.<br \/>\n15.- Dep\u00f3sito de material de la Federaci\u00f3n.<br \/>\n16.- Renovaci\u00f3n de la Junta en 2007: presentaci\u00f3n de candidaturas.<br \/>\n17.- Acuerdo de colaboraci\u00f3n con el periodico BERRIA<br \/>\n18.- Ruegos y preguntas.<\/p><\/blockquote>\n","protected":false},"excerpt":{"rendered":"<p>S\u00e1bado 13 de mayo de 2006, a las 9,30 horas en primera convocatoria y a las 10 horas en segunda, en la sala de conferencias del Centro Cultural Amaia, en la C\/ Lopez de Becerra, de Ir\u00fan. {mosimage} El programa &hellip; <a href=\"https:\/\/blog.federacionfotovasca.org\/eu\/junta-general-ordinaria\/\">Continue reading <span class=\"meta-nav\">&rarr;<\/span><\/a><\/p>\n","protected":false},"author":1,"featured_media":0,"comment_status":"open","ping_status":"open","sticky":false,"template":"","format":"standard","meta":{"footnotes":""},"categories":[9,15],"tags":[420,416],"class_list":["post-34","post","type-post","status-publish","format-standard","hentry","category-federacion","category-general","tag-agrupaciones","tag-federacion"],"_links":{"self":[{"href":"https:\/\/blog.federacionfotovasca.org\/eu\/wp-json\/wp\/v2\/posts\/34","targetHints":{"allow":["GET"]}}],"collection":[{"href":"https:\/\/blog.federacionfotovasca.org\/eu\/wp-json\/wp\/v2\/posts"}],"about":[{"href":"https:\/\/blog.federacionfotovasca.org\/eu\/wp-json\/wp\/v2\/types\/post"}],"author":[{"embeddable":true,"href":"https:\/\/blog.federacionfotovasca.org\/eu\/wp-json\/wp\/v2\/users\/1"}],"replies":[{"embeddable":true,"href":"https:\/\/blog.federacionfotovasca.org\/eu\/wp-json\/wp\/v2\/comments?post=34"}],"version-history":[{"count":0,"href":"https:\/\/blog.federacionfotovasca.org\/eu\/wp-json\/wp\/v2\/posts\/34\/revisions"}],"wp:attachment":[{"href":"https:\/\/blog.federacionfotovasca.org\/eu\/wp-json\/wp\/v2\/media?parent=34"}],"wp:term":[{"taxonomy":"category","embeddable":true,"href":"https:\/\/blog.federacionfotovasca.org\/eu\/wp-json\/wp\/v2\/categories?post=34"},{"taxonomy":"post_tag","embeddable":true,"href":"https:\/\/blog.federacionfotovasca.org\/eu\/wp-json\/wp\/v2\/tags?post=34"}],"curies":[{"name":"wp","href":"https:\/\/api.w.org\/{rel}","templated":true}]}}