{"id":3408,"date":"2012-09-20T19:18:49","date_gmt":"2012-09-20T17:18:49","guid":{"rendered":"https:\/\/www.federacionfotovasca.org\/?p=3408"},"modified":"2012-09-20T19:20:13","modified_gmt":"2012-09-20T17:20:13","slug":"3408","status":"publish","type":"post","link":"https:\/\/blog.federacionfotovasca.org\/eu\/3408\/","title":{"rendered":""},"content":{"rendered":"<div><span style=\"font-family: Arial; font-size: small;\">\u00a0Hola a todos(as):<\/span><\/div>\n<div>\u00a0<span style=\"font-family: Arial; font-size: small;\">\u00a0 \u00a0 Os adjuntamos las bases del concurso fotogr\u00e1fico KEMEN y os animamos a participar.<\/span><\/div>\n<div>\u00a0<span style=\"font-family: Arial; font-size: small;\">\u00a0 \u00a0 Hay un error en la fecha l\u00edmite de recepci\u00f3n en la versi\u00f3n en castellano. La fecha correcta es el 28 de septiembre.<\/span><\/div>\n<div>\u00a0<span style=\"font-family: Arial; font-size: small;\">\u00a0 \u00a0 Saludos,\u00a0<\/span>\u00a0<span style=\"font-family: Arial; font-size: small;\">\u00a0 \u00a0 M\u00aa Carmen<\/span><\/div>\n<div>\u00a0<a href=\"https:\/\/www.federacionfotovasca.org\/wp-content\/uploads\/2012\/09\/20-09-2012-18-01-37.jpg\"><img loading=\"lazy\" decoding=\"async\" class=\"alignnone size-full wp-image-3409\" title=\"20-09-2012 18-01-37\" src=\"https:\/\/www.federacionfotovasca.org\/wp-content\/uploads\/2012\/09\/20-09-2012-18-01-37.jpg\" alt=\"\" width=\"700\" height=\"495\" srcset=\"https:\/\/blog.federacionfotovasca.org\/wp-content\/uploads\/2012\/09\/20-09-2012-18-01-37.jpg 700w, https:\/\/blog.federacionfotovasca.org\/wp-content\/uploads\/2012\/09\/20-09-2012-18-01-37-300x212.jpg 300w, https:\/\/blog.federacionfotovasca.org\/wp-content\/uploads\/2012\/09\/20-09-2012-18-01-37-620x438.jpg 620w\" sizes=\"auto, (max-width: 700px) 100vw, 700px\" \/><\/a><\/div>\n<div><a href=\"https:\/\/www.federacionfotovasca.org\/wp-content\/uploads\/2012\/09\/FOLLETO-fotos-2011.pdf\" target=\"_blank\">Bases KEMEN<\/a><\/div>\n<div>Sociedad Fotogr\u00e1fica de Gip\u00fazkoa<br \/>\nC\/ San Juan 27<br \/>\n20080 San Sebasti\u00e1n<br \/>\nGip\u00fazkoa<br \/>\nTelf: 943 42 13 86<br \/>\n<a href=\"mailto:sfg@sfg-ss.com\" target=\"_blank\">sfg@sfg-ss.com<\/a><br \/>\n<a href=\"http:\/\/www.sfg-ss.com\/\" target=\"_blank\">www.sfg-ss.com<\/a><\/div>\n","protected":false},"excerpt":{"rendered":"<p>\u00a0Hola a todos(as): \u00a0\u00a0 \u00a0 Os adjuntamos las bases del concurso fotogr\u00e1fico KEMEN y os animamos a participar. \u00a0\u00a0 \u00a0 Hay un error en la fecha l\u00edmite de recepci\u00f3n en la versi\u00f3n en castellano. La fecha correcta es el 28 &hellip; <a href=\"https:\/\/blog.federacionfotovasca.org\/eu\/3408\/\">Continue reading <span class=\"meta-nav\">&rarr;<\/span><\/a><\/p>\n","protected":false},"author":1,"featured_media":0,"comment_status":"open","ping_status":"open","sticky":false,"template":"","format":"standard","meta":{"footnotes":""},"categories":[36],"tags":[419],"class_list":["post-3408","post","type-post","status-publish","format-standard","hentry","category-concursos","tag-concursos"],"_links":{"self":[{"href":"https:\/\/blog.federacionfotovasca.org\/eu\/wp-json\/wp\/v2\/posts\/3408","targetHints":{"allow":["GET"]}}],"collection":[{"href":"https:\/\/blog.federacionfotovasca.org\/eu\/wp-json\/wp\/v2\/posts"}],"about":[{"href":"https:\/\/blog.federacionfotovasca.org\/eu\/wp-json\/wp\/v2\/types\/post"}],"author":[{"embeddable":true,"href":"https:\/\/blog.federacionfotovasca.org\/eu\/wp-json\/wp\/v2\/users\/1"}],"replies":[{"embeddable":true,"href":"https:\/\/blog.federacionfotovasca.org\/eu\/wp-json\/wp\/v2\/comments?post=3408"}],"version-history":[{"count":1,"href":"https:\/\/blog.federacionfotovasca.org\/eu\/wp-json\/wp\/v2\/posts\/3408\/revisions"}],"predecessor-version":[{"id":3412,"href":"https:\/\/blog.federacionfotovasca.org\/eu\/wp-json\/wp\/v2\/posts\/3408\/revisions\/3412"}],"wp:attachment":[{"href":"https:\/\/blog.federacionfotovasca.org\/eu\/wp-json\/wp\/v2\/media?parent=3408"}],"wp:term":[{"taxonomy":"category","embeddable":true,"href":"https:\/\/blog.federacionfotovasca.org\/eu\/wp-json\/wp\/v2\/categories?post=3408"},{"taxonomy":"post_tag","embeddable":true,"href":"https:\/\/blog.federacionfotovasca.org\/eu\/wp-json\/wp\/v2\/tags?post=3408"}],"curies":[{"name":"wp","href":"https:\/\/api.w.org\/{rel}","templated":true}]}}