{"id":3494,"date":"2012-10-18T11:49:40","date_gmt":"2012-10-18T09:49:40","guid":{"rendered":"https:\/\/www.federacionfotovasca.org\/?p=3494"},"modified":"2012-10-18T12:00:26","modified_gmt":"2012-10-18T10:00:26","slug":"inmeriones-2012","status":"publish","type":"post","link":"https:\/\/blog.federacionfotovasca.org\/eu\/inmeriones-2012\/","title":{"rendered":"Inmersiones 2012"},"content":{"rendered":"<div id=\":1j1\">Hola de nuevo,<br \/>\nInmersiones se pone en marcha un a\u00f1o m\u00e1s, esta vez intentando ir m\u00e1s all\u00e1 del \u00e1mbito institucional.<br \/>\nTe enviamos informaci\u00f3n sobre c\u00f3mo ser\u00e1 este a\u00f1o, fechas de los eventos programados y modos de participar.<br \/>\nSi no puedes participar, te invitamos a acudir a\u00a0 las jornadas, que es participar de otro modo y, por supuesto, agradeceremos que pases esta informaci\u00f3n a quien creas que pueda estar interesado.Muchas gracias por tu atenci\u00f3n y tu participaci\u00f3n.<br \/>\nTe esperamos.<br \/>\n<a href=\"https:\/\/www.federacionfotovasca.org\/wp-content\/uploads\/2012\/10\/18-10-2012-11-12-51.jpg\"><img loading=\"lazy\" decoding=\"async\" class=\"alignnone size-full wp-image-3495\" title=\"18-10-2012 11-12-51\" src=\"https:\/\/www.federacionfotovasca.org\/wp-content\/uploads\/2012\/10\/18-10-2012-11-12-51.jpg\" alt=\"\" width=\"640\" height=\"561\" srcset=\"https:\/\/blog.federacionfotovasca.org\/wp-content\/uploads\/2012\/10\/18-10-2012-11-12-51.jpg 640w, https:\/\/blog.federacionfotovasca.org\/wp-content\/uploads\/2012\/10\/18-10-2012-11-12-51-300x263.jpg 300w, https:\/\/blog.federacionfotovasca.org\/wp-content\/uploads\/2012\/10\/18-10-2012-11-12-51-620x543.jpg 620w\" sizes=\"auto, (max-width: 640px) 100vw, 640px\" \/><\/a><br \/>\nInmersiones 2012<br \/>\n<a href=\"http:\/\/www.inmersiones2012.wordpress.com\/\" target=\"_blank\">www.inmersiones2012.wordpress.<wbr>com<\/wbr><\/a><br \/>\n<a href=\"mailto:inmersiones2012@gmail.com\" target=\"_blank\">inmersiones2012@gmail.com<\/a><\/div>\n<div><\/div>\n<div><a href=\"https:\/\/www.federacionfotovasca.org\/wp-content\/uploads\/2012\/10\/1_BASES_INMERSIONES_2012.pdf\" target=\"_blank\">1_BASES_INMERSIONES_2012<\/a><\/div>\n<div><a href=\"https:\/\/www.federacionfotovasca.org\/wp-content\/uploads\/2012\/10\/2_INSCRIPCION_INMERSIONES_2012.pdf\" target=\"_blank\">INSCRIPCION_INMERSIONES_2012<\/a><\/div>\n","protected":false},"excerpt":{"rendered":"<p>Hola de nuevo, Inmersiones se pone en marcha un a\u00f1o m\u00e1s, esta vez intentando ir m\u00e1s all\u00e1 del \u00e1mbito institucional. Te enviamos informaci\u00f3n sobre c\u00f3mo ser\u00e1 este a\u00f1o, fechas de los eventos programados y modos de participar. Si no puedes &hellip; <a href=\"https:\/\/blog.federacionfotovasca.org\/eu\/inmeriones-2012\/\">Continue reading <span class=\"meta-nav\">&rarr;<\/span><\/a><\/p>\n","protected":false},"author":1,"featured_media":0,"comment_status":"open","ping_status":"open","sticky":false,"template":"","format":"standard","meta":{"footnotes":""},"categories":[23],"tags":[4,418,35],"class_list":["post-3494","post","type-post","status-publish","format-standard","hentry","category-noticias","tag-exposiciones","tag-noticias","tag-vitoria"],"_links":{"self":[{"href":"https:\/\/blog.federacionfotovasca.org\/eu\/wp-json\/wp\/v2\/posts\/3494","targetHints":{"allow":["GET"]}}],"collection":[{"href":"https:\/\/blog.federacionfotovasca.org\/eu\/wp-json\/wp\/v2\/posts"}],"about":[{"href":"https:\/\/blog.federacionfotovasca.org\/eu\/wp-json\/wp\/v2\/types\/post"}],"author":[{"embeddable":true,"href":"https:\/\/blog.federacionfotovasca.org\/eu\/wp-json\/wp\/v2\/users\/1"}],"replies":[{"embeddable":true,"href":"https:\/\/blog.federacionfotovasca.org\/eu\/wp-json\/wp\/v2\/comments?post=3494"}],"version-history":[{"count":1,"href":"https:\/\/blog.federacionfotovasca.org\/eu\/wp-json\/wp\/v2\/posts\/3494\/revisions"}],"predecessor-version":[{"id":3503,"href":"https:\/\/blog.federacionfotovasca.org\/eu\/wp-json\/wp\/v2\/posts\/3494\/revisions\/3503"}],"wp:attachment":[{"href":"https:\/\/blog.federacionfotovasca.org\/eu\/wp-json\/wp\/v2\/media?parent=3494"}],"wp:term":[{"taxonomy":"category","embeddable":true,"href":"https:\/\/blog.federacionfotovasca.org\/eu\/wp-json\/wp\/v2\/categories?post=3494"},{"taxonomy":"post_tag","embeddable":true,"href":"https:\/\/blog.federacionfotovasca.org\/eu\/wp-json\/wp\/v2\/tags?post=3494"}],"curies":[{"name":"wp","href":"https:\/\/api.w.org\/{rel}","templated":true}]}}