{"id":3747,"date":"2013-05-27T17:30:25","date_gmt":"2013-05-27T15:30:25","guid":{"rendered":"https:\/\/www.federacionfotovasca.org\/?p=3747"},"modified":"2013-05-27T17:30:25","modified_gmt":"2013-05-27T15:30:25","slug":"concurso-fotografia-cuchilleria-albacete","status":"publish","type":"post","link":"https:\/\/blog.federacionfotovasca.org\/eu\/concurso-fotografia-cuchilleria-albacete\/","title":{"rendered":"Concurso Fotograf\u00eda Cuchiller\u00eda Albacete"},"content":{"rendered":"<p>Nos ponemos en contacto con ustedes para informales sobre la convocatoria del XIII Concurso de Fotograf\u00eda sobre la cuchiller\u00eda, que organiza el Museo Municipal de la Cuchiller\u00eda.<\/p>\n<p>Le agradecemos la inserci\u00f3n del mismo en su medio, redes sociales, etc., a la espera de su participaci\u00f3n y difusi\u00f3n.<\/p>\n<p>Si lo desea tambi\u00e9n pueden consultar nuestra p\u00e1gina web\u00a0<a href=\"http:\/\/www.museo-mca.com\/\" target=\"_blank\">www.museo-mca.com<\/a>, d\u00f3nde podr\u00e1 encontrar \u00e9sta y otras noticias relacionadas con el concurso al igual que todo lo relacionado con el Museo.<\/p>\n<p>&nbsp;<\/p>\n<p>Gracias por su colaboraci\u00f3n.<\/p>\n<p><a href=\"https:\/\/www.federacionfotovasca.org\/wp-content\/uploads\/2013\/05\/Captura-de-pantalla-2013-05-27-a-las-17.26.19.png\"><img loading=\"lazy\" decoding=\"async\" class=\"alignnone size-full wp-image-3748\" alt=\"Concurso\" src=\"https:\/\/www.federacionfotovasca.org\/wp-content\/uploads\/2013\/05\/Captura-de-pantalla-2013-05-27-a-las-17.26.19.png\" width=\"801\" height=\"563\" srcset=\"https:\/\/blog.federacionfotovasca.org\/wp-content\/uploads\/2013\/05\/Captura-de-pantalla-2013-05-27-a-las-17.26.19.png 801w, https:\/\/blog.federacionfotovasca.org\/wp-content\/uploads\/2013\/05\/Captura-de-pantalla-2013-05-27-a-las-17.26.19-300x211.png 300w, https:\/\/blog.federacionfotovasca.org\/wp-content\/uploads\/2013\/05\/Captura-de-pantalla-2013-05-27-a-las-17.26.19-620x436.png 620w, https:\/\/blog.federacionfotovasca.org\/wp-content\/uploads\/2013\/05\/Captura-de-pantalla-2013-05-27-a-las-17.26.19-768x540.png 768w\" sizes=\"auto, (max-width: 801px) 100vw, 801px\" \/><\/a><\/p>\n","protected":false},"excerpt":{"rendered":"<p>Nos ponemos en contacto con ustedes para informales sobre la convocatoria del XIII Concurso de Fotograf\u00eda sobre la cuchiller\u00eda, que organiza el Museo Municipal de la Cuchiller\u00eda. Le agradecemos la inserci\u00f3n del mismo en su medio, redes sociales, etc., a &hellip; <a href=\"https:\/\/blog.federacionfotovasca.org\/eu\/concurso-fotografia-cuchilleria-albacete\/\">Continue reading <span class=\"meta-nav\">&rarr;<\/span><\/a><\/p>\n","protected":false},"author":1,"featured_media":0,"comment_status":"open","ping_status":"open","sticky":false,"template":"","format":"standard","meta":{"footnotes":""},"categories":[36],"tags":[10,419],"class_list":["post-3747","post","type-post","status-publish","format-standard","hentry","category-concursos","tag-cef","tag-concursos"],"_links":{"self":[{"href":"https:\/\/blog.federacionfotovasca.org\/eu\/wp-json\/wp\/v2\/posts\/3747","targetHints":{"allow":["GET"]}}],"collection":[{"href":"https:\/\/blog.federacionfotovasca.org\/eu\/wp-json\/wp\/v2\/posts"}],"about":[{"href":"https:\/\/blog.federacionfotovasca.org\/eu\/wp-json\/wp\/v2\/types\/post"}],"author":[{"embeddable":true,"href":"https:\/\/blog.federacionfotovasca.org\/eu\/wp-json\/wp\/v2\/users\/1"}],"replies":[{"embeddable":true,"href":"https:\/\/blog.federacionfotovasca.org\/eu\/wp-json\/wp\/v2\/comments?post=3747"}],"version-history":[{"count":1,"href":"https:\/\/blog.federacionfotovasca.org\/eu\/wp-json\/wp\/v2\/posts\/3747\/revisions"}],"predecessor-version":[{"id":3750,"href":"https:\/\/blog.federacionfotovasca.org\/eu\/wp-json\/wp\/v2\/posts\/3747\/revisions\/3750"}],"wp:attachment":[{"href":"https:\/\/blog.federacionfotovasca.org\/eu\/wp-json\/wp\/v2\/media?parent=3747"}],"wp:term":[{"taxonomy":"category","embeddable":true,"href":"https:\/\/blog.federacionfotovasca.org\/eu\/wp-json\/wp\/v2\/categories?post=3747"},{"taxonomy":"post_tag","embeddable":true,"href":"https:\/\/blog.federacionfotovasca.org\/eu\/wp-json\/wp\/v2\/tags?post=3747"}],"curies":[{"name":"wp","href":"https:\/\/api.w.org\/{rel}","templated":true}]}}