{"id":3959,"date":"2013-07-03T16:11:51","date_gmt":"2013-07-03T14:11:51","guid":{"rendered":"https:\/\/www.federacionfotovasca.org\/?p=3959"},"modified":"2013-07-03T16:12:16","modified_gmt":"2013-07-03T14:12:16","slug":"3959","status":"publish","type":"post","link":"https:\/\/blog.federacionfotovasca.org\/eu\/3959\/","title":{"rendered":"Begira Photo &#8211; Ciclo de proyecciones"},"content":{"rendered":"<p><b>Segunda sesi\u00f3n del ciclo de proyecciones \u00a0&#8211; \u00a0<\/b><b>Museo de Arte e Historia\u00a0<\/b><b>19 h.<\/b><\/p>\n<p>Cuatro sesiones de proyecciones fotogr\u00e1ficas, con car\u00e1cter abierto y p\u00fablico, para dar visibilidad a obra fotogr\u00e1fica de autores nacionales e internacionales y acercar al p\u00fablico a encontrarse con ella. Las proyecciones fotogr\u00e1ficas abren nuevos espacios de exhibici\u00f3n y permiten al p\u00fablico conocer un buen n\u00famero de autores en un mismo espacio y en un breve periodo de tiempo.<\/p>\n<p><b>Sesi\u00f3n 02_Especial BlanPaper<\/b><\/p>\n<p>BlankPaper Escuela compagina su labor docente con otro tipo de proyectos como el comisariado de exposiciones de fot\u00f3grafos emergentes, charlas, proyecciones, presentaciones de libros, becas formativas y ayudas a la creaci\u00f3n como A\u00fapa!? convirti\u00e9ndose en un lugar de encuentro de fot\u00f3grafos, artistas, alumnos y p\u00fablico en general interesados en la fotograf\u00eda.<\/p>\n<p>Juli\u00e1n Bar\u00f3n_<i>Censura<\/i><br \/>\nJos\u00e9 Deconde_<i>Barrio<\/i><br \/>\nIv\u00e1n del Rey de la Torre_<i>Gentes y veh\u00edculos que se cuelan en los buzones<\/i><br \/>\nAntonio M. Xoubanova_<i>Casa de Campo<\/i><br \/>\nTatjiana Sch\u00f6lr_<i>Das Wesen<\/i><br \/>\nV\u00edctor Garrido_<i>Vaqueiro<\/i><br \/>\nInigo Arag\u00f3n_<i>La sombra en el c\u00e9sped<\/i><br \/>\nIgnacio Navas_<i>Linde<\/i><br \/>\nMiren Pastor_<i>Bidean<\/i><br \/>\nDavid Hornillos_<i>Pr\u00edncipe P\u00edo<\/i><br \/>\n\u00d3scar Monz\u00f3n_<i>Sweet Car<\/i><\/p>\n<p><b>Begira Photo Festival<\/b><\/p>\n<p>Leo Simoes_<i>Coordinador<\/i><\/p>\n<p><a href=\"tel:%2B34%20658%20708%20264\" target=\"_blank\">+34 658 708 264<\/a><\/p>\n<p><a href=\"http:\/\/www.begiraphoto.com\/\" target=\"_blank\">www.begiraphoto.com<\/a><\/p>\n<p><a href=\"http:\/\/www.begiraphoto.com\" target=\"_blank\"><img loading=\"lazy\" decoding=\"async\" class=\"alignnone size-full wp-image-3908\" alt=\"image002\" src=\"https:\/\/www.federacionfotovasca.org\/wp-content\/uploads\/2013\/06\/image002.jpg\" width=\"239\" height=\"129\" \/><\/a><\/p>\n","protected":false},"excerpt":{"rendered":"<p>Segunda sesi\u00f3n del ciclo de proyecciones \u00a0&#8211; \u00a0Museo de Arte e Historia\u00a019 h. Cuatro sesiones de proyecciones fotogr\u00e1ficas, con car\u00e1cter abierto y p\u00fablico, para dar visibilidad a obra fotogr\u00e1fica de autores nacionales e internacionales y acercar al p\u00fablico a encontrarse &hellip; <a href=\"https:\/\/blog.federacionfotovasca.org\/eu\/3959\/\">Continue reading <span class=\"meta-nav\">&rarr;<\/span><\/a><\/p>\n","protected":false},"author":1,"featured_media":0,"comment_status":"open","ping_status":"open","sticky":false,"template":"","format":"standard","meta":{"footnotes":""},"categories":[3],"tags":[],"class_list":["post-3959","post","type-post","status-publish","format-standard","hentry","category-fotografos"],"_links":{"self":[{"href":"https:\/\/blog.federacionfotovasca.org\/eu\/wp-json\/wp\/v2\/posts\/3959","targetHints":{"allow":["GET"]}}],"collection":[{"href":"https:\/\/blog.federacionfotovasca.org\/eu\/wp-json\/wp\/v2\/posts"}],"about":[{"href":"https:\/\/blog.federacionfotovasca.org\/eu\/wp-json\/wp\/v2\/types\/post"}],"author":[{"embeddable":true,"href":"https:\/\/blog.federacionfotovasca.org\/eu\/wp-json\/wp\/v2\/users\/1"}],"replies":[{"embeddable":true,"href":"https:\/\/blog.federacionfotovasca.org\/eu\/wp-json\/wp\/v2\/comments?post=3959"}],"version-history":[{"count":1,"href":"https:\/\/blog.federacionfotovasca.org\/eu\/wp-json\/wp\/v2\/posts\/3959\/revisions"}],"predecessor-version":[{"id":3963,"href":"https:\/\/blog.federacionfotovasca.org\/eu\/wp-json\/wp\/v2\/posts\/3959\/revisions\/3963"}],"wp:attachment":[{"href":"https:\/\/blog.federacionfotovasca.org\/eu\/wp-json\/wp\/v2\/media?parent=3959"}],"wp:term":[{"taxonomy":"category","embeddable":true,"href":"https:\/\/blog.federacionfotovasca.org\/eu\/wp-json\/wp\/v2\/categories?post=3959"},{"taxonomy":"post_tag","embeddable":true,"href":"https:\/\/blog.federacionfotovasca.org\/eu\/wp-json\/wp\/v2\/tags?post=3959"}],"curies":[{"name":"wp","href":"https:\/\/api.w.org\/{rel}","templated":true}]}}