{"id":4088,"date":"2013-08-14T18:26:13","date_gmt":"2013-08-14T16:26:13","guid":{"rendered":"https:\/\/www.federacionfotovasca.org\/?p=4088"},"modified":"2013-08-14T18:34:16","modified_gmt":"2013-08-14T16:34:16","slug":"villenaphoto","status":"publish","type":"post","link":"https:\/\/blog.federacionfotovasca.org\/eu\/villenaphoto\/","title":{"rendered":"VILLENAPHOTO"},"content":{"rendered":"<p><span style=\"font-size: large;\">\u00a0 \u00a0 \u00a0 \u00a0 Este a\u00f1o, la\u00a0<b>Agrupaci\u00f3n Fotogr\u00e1fica Villena<\/b>\u00a0&#8211; AFV, celebra su\u00a0<b>40\u00ba Aniversario<\/b>\u00a0y para<b>conmemorarlo<\/b>, hemos organizado el evento\u00a0<b>\u201cVILLENAPHOTO\u201d<\/b>, que tendr\u00e1 lugar los d\u00edas\u00a0<b>21 y 22 de septiembre<\/b>\u00a0en la Plaza de Toros de Villena.<\/span><\/p>\n<p><span style=\"font-size: large;\"><b>\u00a0\u00a0\u00a0\u00a0\u00a0\u00a0\u00a0 VILLENAPHOTO<\/b>\u00a0nace con la ilusi\u00f3n de hacer disfrutar a los aficionados y amantes de la fotograf\u00eda de un\u00a0<b>fin de semana<\/b>\u00a0de lujo, repleto de actividades. Para ello, contamos con la colaboraci\u00f3n de\u00a0<b>ponentes de primer nivel\u00a0<\/b>como Cristina Garc\u00eda Rodero, Jos\u00e9 Benito, Alicia Moneva, Rodrigo Rivas, Ibai Acevedo, Vicente Esteban, Jaime Brotons, el Ni\u00f1o de las Luces, Javier Salvador, Pedro Olaya, \u00c1ngel Conejero. Ya tenemos confirmadas una quincena de\u00a0<b>exposiciones<\/b>, por la noche,\u00a0<b>fotog\u00e9nicos espect\u00e1culos de luz y sonido<\/b>\u00a0y muchas m\u00e1s sorpresas.<\/span><\/p>\n<p><span style=\"font-size: large;\">\u00a0\u00a0\u00a0\u00a0\u00a0\u00a0\u00a0 Adem\u00e1s, nos proponemos un reto:\u00a0<b>batir<\/b>, con la ayuda de todos los asistentes,\u00a0<b>el Guinness World Records<\/b>\u00a0con la\u00a0<b>\u201ccianotipia m\u00e1s grande del mundo\u201d.<\/b>\u00a0Tambi\u00e9n vamos a repartir\u00a0<b>c\u00e1maras estenop\u00e9icas<\/b>\u00a0entre todos los asistentes para rememorar tiempos pasados.<\/span><\/p>\n<p><span style=\"font-size: large;\">\u00a0\u00a0\u00a0\u00a0\u00a0\u00a0\u00a0 Para nosotros ser\u00eda\u00a0<b>muy importante<\/b>\u00a0poder contar\u00a0<b>con usted y todos los miembros de su Asociaci\u00f3n<\/b>. Le adjuntamos el enlace\u00a0<a href=\"http:\/\/www.villenaphoto.com\/\" target=\"_blank\">www.villenaphoto.com<\/a>\u00a0para pueda\u00a0<b>hacer extensiva<\/b>\u00a0por este medio entre los socios y simpatizantes de esa Asociaci\u00f3n que preside la informaci\u00f3n que le adjuntamos y, si es el caso,\u00a0<b>nos ayude a difundir el evento<\/b>\u00a0con su publicaci\u00f3n\u00a0<b>en la web o blog de su organizaci\u00f3n<\/b>.<\/span><\/p>\n<p><span style=\"font-size: large;\">\u00a0\u00a0\u00a0\u00a0\u00a0\u00a0\u00a0 Por \u00faltimo indicarle que disponemos de precios muy interesantes para alojamiento si deciden venir en grupo. De interesaros, no dud\u00e9is en contactar con nosotros lo antes posible, la disponibilidad es limitada.<\/span><\/p>\n<p><span style=\"font-size: large;\">Os esperamos<\/span><span style=\"font-size: large;\">\u00a0<\/span><\/p>\n<p><span style=\"font-size: large;\">Atentamente,\u00a0<\/span><span style=\"font-size: large;\">Paco Gisbert Tom\u00e1s,\u00a0<\/span><span style=\"font-size: large;\">Secretario de la AFV<\/span><\/p>\n<p><img loading=\"lazy\" decoding=\"async\" class=\"alignnone size-full wp-image-4089\" alt=\"villenaphoto\" src=\"https:\/\/www.federacionfotovasca.org\/wp-content\/uploads\/2013\/08\/villenaphoto.jpg\" width=\"400\" height=\"190\" srcset=\"https:\/\/blog.federacionfotovasca.org\/wp-content\/uploads\/2013\/08\/villenaphoto.jpg 400w, https:\/\/blog.federacionfotovasca.org\/wp-content\/uploads\/2013\/08\/villenaphoto-300x143.jpg 300w\" sizes=\"auto, (max-width: 400px) 100vw, 400px\" \/><\/p>\n","protected":false},"excerpt":{"rendered":"<p>\u00a0 \u00a0 \u00a0 \u00a0 Este a\u00f1o, la\u00a0Agrupaci\u00f3n Fotogr\u00e1fica Villena\u00a0&#8211; AFV, celebra su\u00a040\u00ba Aniversario\u00a0y paraconmemorarlo, hemos organizado el evento\u00a0\u201cVILLENAPHOTO\u201d, que tendr\u00e1 lugar los d\u00edas\u00a021 y 22 de septiembre\u00a0en la Plaza de Toros de Villena. \u00a0\u00a0\u00a0\u00a0\u00a0\u00a0\u00a0 VILLENAPHOTO\u00a0nace con la ilusi\u00f3n de hacer &hellip; <a href=\"https:\/\/blog.federacionfotovasca.org\/eu\/villenaphoto\/\">Continue reading <span class=\"meta-nav\">&rarr;<\/span><\/a><\/p>\n","protected":false},"author":1,"featured_media":0,"comment_status":"open","ping_status":"open","sticky":false,"template":"","format":"standard","meta":{"footnotes":""},"categories":[36],"tags":[],"class_list":["post-4088","post","type-post","status-publish","format-standard","hentry","category-concursos"],"_links":{"self":[{"href":"https:\/\/blog.federacionfotovasca.org\/eu\/wp-json\/wp\/v2\/posts\/4088","targetHints":{"allow":["GET"]}}],"collection":[{"href":"https:\/\/blog.federacionfotovasca.org\/eu\/wp-json\/wp\/v2\/posts"}],"about":[{"href":"https:\/\/blog.federacionfotovasca.org\/eu\/wp-json\/wp\/v2\/types\/post"}],"author":[{"embeddable":true,"href":"https:\/\/blog.federacionfotovasca.org\/eu\/wp-json\/wp\/v2\/users\/1"}],"replies":[{"embeddable":true,"href":"https:\/\/blog.federacionfotovasca.org\/eu\/wp-json\/wp\/v2\/comments?post=4088"}],"version-history":[{"count":1,"href":"https:\/\/blog.federacionfotovasca.org\/eu\/wp-json\/wp\/v2\/posts\/4088\/revisions"}],"predecessor-version":[{"id":4097,"href":"https:\/\/blog.federacionfotovasca.org\/eu\/wp-json\/wp\/v2\/posts\/4088\/revisions\/4097"}],"wp:attachment":[{"href":"https:\/\/blog.federacionfotovasca.org\/eu\/wp-json\/wp\/v2\/media?parent=4088"}],"wp:term":[{"taxonomy":"category","embeddable":true,"href":"https:\/\/blog.federacionfotovasca.org\/eu\/wp-json\/wp\/v2\/categories?post=4088"},{"taxonomy":"post_tag","embeddable":true,"href":"https:\/\/blog.federacionfotovasca.org\/eu\/wp-json\/wp\/v2\/tags?post=4088"}],"curies":[{"name":"wp","href":"https:\/\/api.w.org\/{rel}","templated":true}]}}