{"id":4211,"date":"2013-09-10T14:27:56","date_gmt":"2013-09-10T12:27:56","guid":{"rendered":"https:\/\/www.federacionfotovasca.org\/?p=4211"},"modified":"2013-09-10T14:27:56","modified_gmt":"2013-09-10T12:27:56","slug":"becas-cursos-fotoperiodismo-balcanes-2014","status":"publish","type":"post","link":"https:\/\/blog.federacionfotovasca.org\/eu\/becas-cursos-fotoperiodismo-balcanes-2014\/","title":{"rendered":"Becas Cursos Fotoperiodismo Balcanes 2014"},"content":{"rendered":"<div><span style=\"font-family: Arial; font-size: small;\">Des de l&#8217;Associaci\u00f3 de fotoperiodistes kevlar nos permitimos la libertad de haceros llegar toda la informaci\u00f3n de las becas de formaci\u00f3n fotoperiodistica \u00a0que un a\u00f1o mas concedemos desde nuestra entidad para tomar parte en los cursos de fotoperiodismo que a lo largo del a\u00f1o 2014 llevara\u00a0 cabo en los Balcanes.<\/span><\/div>\n<div><\/div>\n<div><span style=\"font-family: Arial; font-size: small;\">Un saludo cordial<\/span><\/div>\n<div><\/div>\n<div><span style=\"font-family: Arial; font-size: small;\">Ignais Deca &#8211;\u00a0<\/span><span style=\"font-family: Arial; font-size: small;\">Kevlar fotoperiodistes<\/span><\/div>\n<div><span style=\"font-family: Arial; font-size: small;\"><a href=\"http:\/\/www.fotoperiodisteskevlar.org\/\" target=\"_blank\">www.fotoperiodisteskevlar.org<\/a><\/span><\/div>\n<div><span style=\"font-family: Arial; font-size: small;\"><a href=\"http:\/\/www.reporteracademy.com\/\" target=\"_blank\">www.reporteracademy.com<\/a><\/span><\/div>\n<div><\/div>\n<div>Bases:<\/div>\n<div><a href=\"https:\/\/docs.google.com\/viewer?a=v&amp;pid=gmail&amp;attid=0.1&amp;thid=140f2448714fc73b&amp;mt=application\/vnd.openxmlformats-officedocument.wordprocessingml.document&amp;url=https:\/\/mail.google.com\/mail\/u\/0\/?ui%3D2%26ik%3D514898afdd%26view%3Datt%26th%3D140f2448714fc73b%26attid%3D0.1%26disp%3Dsafe%26zw&amp;sig=AHIEtbQZfanUUUcRTBmXDrKlG9-JkWRxkg\" target=\"_blank\"><img loading=\"lazy\" decoding=\"async\" class=\"alignnone size-full wp-image-4212\" alt=\"Balcanes\" src=\"https:\/\/www.federacionfotovasca.org\/wp-content\/uploads\/2013\/09\/Balcanes.jpg\" width=\"300\" height=\"200\" \/><\/a><\/div>\n","protected":false},"excerpt":{"rendered":"<p>Des de l&#8217;Associaci\u00f3 de fotoperiodistes kevlar nos permitimos la libertad de haceros llegar toda la informaci\u00f3n de las becas de formaci\u00f3n fotoperiodistica \u00a0que un a\u00f1o mas concedemos desde nuestra entidad para tomar parte en los cursos de fotoperiodismo que a &hellip; <a href=\"https:\/\/blog.federacionfotovasca.org\/eu\/becas-cursos-fotoperiodismo-balcanes-2014\/\">Continue reading <span class=\"meta-nav\">&rarr;<\/span><\/a><\/p>\n","protected":false},"author":1,"featured_media":0,"comment_status":"open","ping_status":"open","sticky":false,"template":"","format":"standard","meta":{"footnotes":""},"categories":[23],"tags":[47],"class_list":["post-4211","post","type-post","status-publish","format-standard","hentry","category-noticias","tag-internacional"],"_links":{"self":[{"href":"https:\/\/blog.federacionfotovasca.org\/eu\/wp-json\/wp\/v2\/posts\/4211","targetHints":{"allow":["GET"]}}],"collection":[{"href":"https:\/\/blog.federacionfotovasca.org\/eu\/wp-json\/wp\/v2\/posts"}],"about":[{"href":"https:\/\/blog.federacionfotovasca.org\/eu\/wp-json\/wp\/v2\/types\/post"}],"author":[{"embeddable":true,"href":"https:\/\/blog.federacionfotovasca.org\/eu\/wp-json\/wp\/v2\/users\/1"}],"replies":[{"embeddable":true,"href":"https:\/\/blog.federacionfotovasca.org\/eu\/wp-json\/wp\/v2\/comments?post=4211"}],"version-history":[{"count":1,"href":"https:\/\/blog.federacionfotovasca.org\/eu\/wp-json\/wp\/v2\/posts\/4211\/revisions"}],"predecessor-version":[{"id":4213,"href":"https:\/\/blog.federacionfotovasca.org\/eu\/wp-json\/wp\/v2\/posts\/4211\/revisions\/4213"}],"wp:attachment":[{"href":"https:\/\/blog.federacionfotovasca.org\/eu\/wp-json\/wp\/v2\/media?parent=4211"}],"wp:term":[{"taxonomy":"category","embeddable":true,"href":"https:\/\/blog.federacionfotovasca.org\/eu\/wp-json\/wp\/v2\/categories?post=4211"},{"taxonomy":"post_tag","embeddable":true,"href":"https:\/\/blog.federacionfotovasca.org\/eu\/wp-json\/wp\/v2\/tags?post=4211"}],"curies":[{"name":"wp","href":"https:\/\/api.w.org\/{rel}","templated":true}]}}