{"id":4560,"date":"2013-10-14T22:30:41","date_gmt":"2013-10-14T20:30:41","guid":{"rendered":"https:\/\/www.federacionfotovasca.org\/?p=4560"},"modified":"2013-10-14T22:30:41","modified_gmt":"2013-10-14T20:30:41","slug":"reserva-tus-proximos-lunes-sociedad-fotografica-alavesa","status":"publish","type":"post","link":"https:\/\/blog.federacionfotovasca.org\/eu\/reserva-tus-proximos-lunes-sociedad-fotografica-alavesa\/","title":{"rendered":"Reserva tus pr\u00f3ximos Lunes &#8211; Sociedad Fotogr\u00e1fica Alavesa"},"content":{"rendered":"<div><i><b>&#8220;Reserva tus pr\u00f3ximos Lunes<\/b><\/i>&#8221;<\/p>\n<\/div>\n<p>Desde la Sociedad Fotogr\u00e1fica Alavesa nos hemos propuestos que los lunes dejen de ser el peor d\u00eda de la semana y se conviertan en el d\u00eda fotogr\u00e1fico por excelencia. A continuaci\u00f3n te proponemos una serie de actividades que no te puedes perder #PhotoBookDay #LunesFotogr\u00e1fico<\/p>\n<p><b>\u00a0** \u00a0 \u00a0 \u00a0 \u00a0 \u00a0 \u00a0 \u00a0 \u00a0 \u00a0 \u00a0 \u00a0 \u00a0 \u00a0 \u00a0\u00a0<b>21 de octubre #LunesFotogr\u00e1fico con Yolanda Dom\u00ednguez<\/b><\/p>\n<p><\/b><\/p>\n<p><b>\u00a0\u00a0\u00a0\u00a0\u00a0\u00a0\u00a0\u00a0\u00a0\u00a0\u00a0\u00a0\u00a0\u00a0\u00a0 \u00a0 \u00a0 \u00a0 EL CONFLICTO DEL G\u00c9NERO A TRAV\u00c9S DE LA CREACI\u00d3N<\/b><\/p>\n<p><b>Yolanda Dom\u00ednguez (Madrid, 1977)<\/b>\u00a0artista visual, estudi\u00f3 Bellas Artes en la Universidad Complutense de Madrid y es Master en Arte y Nuevas Tecnolog\u00edas por la Universidad Europea de Madrid y Master en Fotograf\u00eda Concepto y Creaci\u00f3n por la Escuela de Fotograf\u00eda EFTI, Madrid.<\/p>\n<p><b>** \u00a0 \u00a0 \u00a0 \u00a0 \u00a0 \u00a0 \u00a0 \u00a0 \u00a0 \u00a0 \u00a0 \u00a0 \u00a0 \u00a004 de noviembre #LunesFotogr\u00e1fico con Sof\u00eda Santaclara<\/b><\/p>\n<p><b>\u00a0\u00a0\u00a0\u00a0\u00a0\u00a0\u00a0\u00a0\u00a0\u00a0\u00a0\u00a0\u00a0\u00a0\u00a0\u00a0\u00a0\u00a0\u00a0\u00a0\u00a0\u00a0\u00a0\u00a0\u00a0\u00a0\u00a0\u00a0\u00a0\u00a0<wbr \/>\u00a0\u00a0\u00a0\u00a0\u00a0\u00a0\u00a0\u00a0\u00a0\u00a0\u00a0\u00a0\u00a0\u00a0\u00a0\u00a0\u00a0\u00a0\u00a0\u00a0\u00a0\u00a0\u00a0\u00a0\u00a0\u00a0\u00a0\u00a0\u00a0\u00a0<wbr \/>\u00a0 ANATOM\u00cdA DE LA CREACI\u00d3N<\/b><\/p>\n<p><b>\u00a0<\/b><a href=\"https:\/\/www.federacionfotovasca.org\/wp-content\/uploads\/2013\/10\/cartellunes_baja.jpg\"><img loading=\"lazy\" decoding=\"async\" class=\"alignnone  wp-image-4559\" alt=\"cartellunes_baja\" src=\"https:\/\/www.federacionfotovasca.org\/wp-content\/uploads\/2013\/10\/cartellunes_baja.jpg\" width=\"203\" height=\"288\" srcset=\"https:\/\/blog.federacionfotovasca.org\/wp-content\/uploads\/2013\/10\/cartellunes_baja.jpg 565w, https:\/\/blog.federacionfotovasca.org\/wp-content\/uploads\/2013\/10\/cartellunes_baja-300x425.jpg 300w\" sizes=\"auto, (max-width: 203px) 100vw, 203px\" \/><\/a>\u00a0 \u00a0 \u00a0 \u00a0 \u00a0 \u00a0 \u00a0 \u00a0 \u00a0 \u00a0 \u00a0 \u00a0 \u00a0 \u00a0\u00a0 <a href=\"https:\/\/www.federacionfotovasca.org\/wp-content\/uploads\/2013\/10\/cartellunes_72.jpg\"><img loading=\"lazy\" decoding=\"async\" class=\"alignnone  wp-image-4558\" alt=\"cartellunes_72\" src=\"https:\/\/www.federacionfotovasca.org\/wp-content\/uploads\/2013\/10\/cartellunes_72.jpg\" width=\"213\" height=\"303\" \/><\/a>\u00a0 \u00a0 \u00a0 \u00a0 \u00a0 \u00a0 \u00a0 \u00a0 \u00a0 \u00a0 \u00a0 \u00a0 \u00a0 \u00a0 \u00a0 \u00a0 \u00a0\u00a0<a href=\"https:\/\/www.federacionfotovasca.org\/wp-content\/uploads\/2013\/06\/Captura-de-pantalla-2013-06-17-a-las-10.25.23.png\"><img loading=\"lazy\" decoding=\"async\" class=\"alignnone size-full wp-image-3886\" alt=\"Sociedad\" src=\"https:\/\/www.federacionfotovasca.org\/wp-content\/uploads\/2013\/06\/Captura-de-pantalla-2013-06-17-a-las-10.25.23.png\" width=\"209\" height=\"76\" \/><\/a><\/p>\n<div><span style=\"color: #333399;\">Oficina: lunes a viernes, de 17:00h a 20:00h<\/span><\/div>\n<div><span style=\"color: #333399;\">Telef:\u00a0<a href=\"tel:945243922\" target=\"_blank\">945243922<\/a><\/span><\/div>\n<div><span style=\"color: #333399;\"><b><a href=\"http:\/\/www.sfalavesa.es\/\" target=\"_blank\">www.sfalavesa.es<\/a><\/b><\/span><\/div>\n<div><span style=\"color: #333399;\"><b><a href=\"mailto:sociedadfotografica@gmail.com\" target=\"_blank\">sociedadfotografica@gmail.com<\/a><\/b><\/span><\/div>\n","protected":false},"excerpt":{"rendered":"<p>&#8220;Reserva tus pr\u00f3ximos Lunes&#8221; Desde la Sociedad Fotogr\u00e1fica Alavesa nos hemos propuestos que los lunes dejen de ser el peor d\u00eda de la semana y se conviertan en el d\u00eda fotogr\u00e1fico por excelencia. A continuaci\u00f3n te proponemos una serie de &hellip; <a href=\"https:\/\/blog.federacionfotovasca.org\/eu\/reserva-tus-proximos-lunes-sociedad-fotografica-alavesa\/\">Continue reading <span class=\"meta-nav\">&rarr;<\/span><\/a><\/p>\n","protected":false},"author":1,"featured_media":0,"comment_status":"open","ping_status":"open","sticky":false,"template":"","format":"standard","meta":{"footnotes":""},"categories":[23],"tags":[418,35],"class_list":["post-4560","post","type-post","status-publish","format-standard","hentry","category-noticias","tag-noticias","tag-vitoria"],"_links":{"self":[{"href":"https:\/\/blog.federacionfotovasca.org\/eu\/wp-json\/wp\/v2\/posts\/4560","targetHints":{"allow":["GET"]}}],"collection":[{"href":"https:\/\/blog.federacionfotovasca.org\/eu\/wp-json\/wp\/v2\/posts"}],"about":[{"href":"https:\/\/blog.federacionfotovasca.org\/eu\/wp-json\/wp\/v2\/types\/post"}],"author":[{"embeddable":true,"href":"https:\/\/blog.federacionfotovasca.org\/eu\/wp-json\/wp\/v2\/users\/1"}],"replies":[{"embeddable":true,"href":"https:\/\/blog.federacionfotovasca.org\/eu\/wp-json\/wp\/v2\/comments?post=4560"}],"version-history":[{"count":1,"href":"https:\/\/blog.federacionfotovasca.org\/eu\/wp-json\/wp\/v2\/posts\/4560\/revisions"}],"predecessor-version":[{"id":4561,"href":"https:\/\/blog.federacionfotovasca.org\/eu\/wp-json\/wp\/v2\/posts\/4560\/revisions\/4561"}],"wp:attachment":[{"href":"https:\/\/blog.federacionfotovasca.org\/eu\/wp-json\/wp\/v2\/media?parent=4560"}],"wp:term":[{"taxonomy":"category","embeddable":true,"href":"https:\/\/blog.federacionfotovasca.org\/eu\/wp-json\/wp\/v2\/categories?post=4560"},{"taxonomy":"post_tag","embeddable":true,"href":"https:\/\/blog.federacionfotovasca.org\/eu\/wp-json\/wp\/v2\/tags?post=4560"}],"curies":[{"name":"wp","href":"https:\/\/api.w.org\/{rel}","templated":true}]}}