{"id":489,"date":"2007-10-07T20:05:16","date_gmt":"2007-10-07T20:05:16","guid":{"rendered":""},"modified":"2008-01-09T17:53:23","modified_gmt":"2008-01-09T17:53:23","slug":"proximas-actividades-bilbo-argazki-07","status":"publish","type":"post","link":"https:\/\/blog.federacionfotovasca.org\/eu\/proximas-actividades-bilbo-argazki-07\/","title":{"rendered":"Proximas actividades Bilbo Argazki 07"},"content":{"rendered":"<h4 align=\"justify\">El proximo miercoles d\u00eda 10 en el Aula de Cultura de BBK en Elkano n.20 inauguraremos La Fototeca de la Federaci\u00f3n de Agrupaciones Fotogr\u00e1ficas del Pa\u00eds Vasco que sale a la luz despu\u00e9s de un trabajo de ocho a\u00f1os mostrando una selecci\u00f3n de 80 im\u00e1genes de entre m\u00e1s de 1200  , esperamos la asistencia de muchos de los autores que est\u00e1n en esta fototeca.<\/h4>\n<p align=\"center\"><img loading=\"lazy\" decoding=\"async\" src=\"https:\/\/www.federacionfotovasca.org\/joomla\/images\/stories\/Noticias07\/ExpoFototeca.jpg\" height=\"539\" width=\"421\" \/><\/p>\n<h4 align=\"justify\">As\u00ed mismo  paralelamente Inauguramos la exposici\u00f3n de <a href=\"http:\/\/www.gabrielbrau.com\/\" target=\"_blank\">Gabriel Brau<\/a> ,\u201d Luces de \u00c1frica\u201d Premio Nacional de la Confederaci\u00f3n Espa\u00f1ola de Fotograf\u00eda de este a\u00f1o que le haremos entrega del titulo en el Congreso. Estar\u00e1 con nosotros en la inauguraci\u00f3n acompa\u00f1ado con su gu\u00eda en \u00c1frica.<\/h4>\n<p align=\"center\"><img loading=\"lazy\" decoding=\"async\" src=\"https:\/\/www.federacionfotovasca.org\/joomla\/images\/stories\/Noticias07\/ExpoGabriel.jpg\" height=\"381\" width=\"549\" \/><\/p>\n","protected":false},"excerpt":{"rendered":"<p>El proximo miercoles d\u00eda 10 en el Aula de Cultura de BBK en Elkano n.20 inauguraremos La Fototeca de la Federaci\u00f3n de Agrupaciones Fotogr\u00e1ficas del Pa\u00eds Vasco que sale a la luz despu\u00e9s de un trabajo de ocho a\u00f1os mostrando &hellip; <a href=\"https:\/\/blog.federacionfotovasca.org\/eu\/proximas-actividades-bilbo-argazki-07\/\">Continue reading <span class=\"meta-nav\">&rarr;<\/span><\/a><\/p>\n","protected":false},"author":1,"featured_media":0,"comment_status":"open","ping_status":"open","sticky":false,"template":"","format":"standard","meta":{"footnotes":""},"categories":[26,22],"tags":[41,417,416,418],"class_list":["post-489","post","type-post","status-publish","format-standard","hentry","category-expocisiones","category-congreso","tag-bilbao","tag-congreso","tag-federacion","tag-noticias"],"_links":{"self":[{"href":"https:\/\/blog.federacionfotovasca.org\/eu\/wp-json\/wp\/v2\/posts\/489","targetHints":{"allow":["GET"]}}],"collection":[{"href":"https:\/\/blog.federacionfotovasca.org\/eu\/wp-json\/wp\/v2\/posts"}],"about":[{"href":"https:\/\/blog.federacionfotovasca.org\/eu\/wp-json\/wp\/v2\/types\/post"}],"author":[{"embeddable":true,"href":"https:\/\/blog.federacionfotovasca.org\/eu\/wp-json\/wp\/v2\/users\/1"}],"replies":[{"embeddable":true,"href":"https:\/\/blog.federacionfotovasca.org\/eu\/wp-json\/wp\/v2\/comments?post=489"}],"version-history":[{"count":0,"href":"https:\/\/blog.federacionfotovasca.org\/eu\/wp-json\/wp\/v2\/posts\/489\/revisions"}],"wp:attachment":[{"href":"https:\/\/blog.federacionfotovasca.org\/eu\/wp-json\/wp\/v2\/media?parent=489"}],"wp:term":[{"taxonomy":"category","embeddable":true,"href":"https:\/\/blog.federacionfotovasca.org\/eu\/wp-json\/wp\/v2\/categories?post=489"},{"taxonomy":"post_tag","embeddable":true,"href":"https:\/\/blog.federacionfotovasca.org\/eu\/wp-json\/wp\/v2\/tags?post=489"}],"curies":[{"name":"wp","href":"https:\/\/api.w.org\/{rel}","templated":true}]}}