{"id":518,"date":"2007-11-18T21:50:01","date_gmt":"2007-11-18T21:50:01","guid":{"rendered":""},"modified":"2007-12-30T19:01:54","modified_gmt":"2007-12-30T19:01:54","slug":"cursos-photoshop-de-fotonatura","status":"publish","type":"post","link":"https:\/\/blog.federacionfotovasca.org\/eu\/cursos-photoshop-de-fotonatura\/","title":{"rendered":"Cursos Photoshop de Fotonatura"},"content":{"rendered":"<p>Hemos recibido la siguiente informaci\u00f3n:<\/p>\n<table align=\"center\" bgcolor=\"#ffffff\" border=\"0\" cellpadding=\"5\" cellspacing=\"1\" width=\"600\">\n<tr>\n<td><font style=\"font-weight: bold; color: #339900\" size=\"3\"><span style=\"font-family: Arial\">Curso pr\u00e1ctico de Photoshop con Beatriz Moreno<\/span><\/font><font size=\"2\"><font size=\"3\"><span style=\"font-family: Arial\">Bilbao, 26 y 27 de enero<\/span><br \/>\n<\/font><span style=\"font-family: Arial\"><br \/>\n<\/span><br \/>\n<font style=\"font-weight: bold\" size=\"3\"><span style=\"font-family: Arial\">Precio: 150 \u20ac<\/span><br \/>\n<span style=\"font-family: Arial\">Nivel: Medio-Avanzado<\/span><\/font><\/font><\/p>\n<p><img decoding=\"async\" src=\"http:\/\/farm3.static.flickr.com\/2187\/1688487771_d3820820d6_o.jpg\" \/><\/p>\n<p><font size=\"2\"><span style=\"font-family: Arial\">Aprender de forma pr\u00e1ctica los fundamentos de ajuste de im\u00e1genes digitales con la ayuda de Photoshop, para obtener los mejores resultados tanto en pantalla como a la hora de hacer copias en papel de tus fotograf\u00edas digitales.<\/span><\/font><\/p>\n<p><span style=\"font-family: Arial\"><font size=\"2\"> Aprender\u00e1s a extraer toda la informaci\u00f3n contenida en el archivo RAW y conseguir\u00e1s mejoras esenciales mediante el ajuste de niveles, color, gama tonal, saturaci\u00f3n y contraste, y otras acciones sencillas necesarias en la preparaci\u00f3n de la imagen para su destino final.<\/font><\/span><\/p>\n<p><span style=\"font-family: Arial\"><font size=\"2\"> El curso se realiza en un aula con un ordenador por alumno y se hace hincapi\u00e9 en la pr\u00e1ctica de los conceptos explicados, de forma que puedas practicar desde el primer momento y consigas un m\u00e1ximo aprovechamiento del curso.<\/font><\/span><\/p>\n<p><font size=\"2\"><strong style=\"font-family: Arial\">A quien va dirigido<\/strong><br \/>\n<span style=\"font-family: Arial\"> A fot\u00f3grafos interesados en mejorar sus conocimientos de Photoshop con el objetivo de sacar el mayor partido a sus im\u00e1genes digitales partiendo de im\u00e1genes RAW.<\/span><\/font><\/p>\n<p><font size=\"2\"><strong style=\"font-family: Arial\">Requisitos<\/strong><br \/>\n<span style=\"font-family: Arial\"> Se precisan conocimientos b\u00e1sicos de Photoshop (uso de capas y herramientas de selecci\u00f3n). Las pr\u00e1cticas se hacen partiendo de im\u00e1genes RAW.<\/span><\/font><\/p>\n<p><font size=\"2\"><a href=\"http:\/\/www.fotonatura.org\/cursos\/detallecurso.php?categoria=2&amp;curso=20\" onclick=\"return top.js.OpenExtLink(window,event,this)\" target=\"_blank\"><img decoding=\"async\" src=\"http:\/\/www.fotonatura.org\/cursos\/img\/inscripcion.gif\" border=\"0\" \/><\/a><\/font><\/td>\n<\/tr>\n<\/table>\n<p><!--more--><\/p>\n","protected":false},"excerpt":{"rendered":"<p>Hemos recibido la siguiente informaci\u00f3n: Curso pr\u00e1ctico de Photoshop con Beatriz MorenoBilbao, 26 y 27 de enero Precio: 150 \u20ac Nivel: Medio-Avanzado Aprender de forma pr\u00e1ctica los fundamentos de ajuste de im\u00e1genes digitales con la ayuda de Photoshop, para obtener &hellip; <a href=\"https:\/\/blog.federacionfotovasca.org\/eu\/cursos-photoshop-de-fotonatura\/\">Continue reading <span class=\"meta-nav\">&rarr;<\/span><\/a><\/p>\n","protected":false},"author":1,"featured_media":0,"comment_status":"open","ping_status":"open","sticky":false,"template":"","format":"standard","meta":{"footnotes":""},"categories":[39,23],"tags":[421,14,19],"class_list":["post-518","post","type-post","status-publish","format-standard","hentry","category-cursos","category-noticias","tag-cursos","tag-naturaleza","tag-photoshop"],"_links":{"self":[{"href":"https:\/\/blog.federacionfotovasca.org\/eu\/wp-json\/wp\/v2\/posts\/518","targetHints":{"allow":["GET"]}}],"collection":[{"href":"https:\/\/blog.federacionfotovasca.org\/eu\/wp-json\/wp\/v2\/posts"}],"about":[{"href":"https:\/\/blog.federacionfotovasca.org\/eu\/wp-json\/wp\/v2\/types\/post"}],"author":[{"embeddable":true,"href":"https:\/\/blog.federacionfotovasca.org\/eu\/wp-json\/wp\/v2\/users\/1"}],"replies":[{"embeddable":true,"href":"https:\/\/blog.federacionfotovasca.org\/eu\/wp-json\/wp\/v2\/comments?post=518"}],"version-history":[{"count":0,"href":"https:\/\/blog.federacionfotovasca.org\/eu\/wp-json\/wp\/v2\/posts\/518\/revisions"}],"wp:attachment":[{"href":"https:\/\/blog.federacionfotovasca.org\/eu\/wp-json\/wp\/v2\/media?parent=518"}],"wp:term":[{"taxonomy":"category","embeddable":true,"href":"https:\/\/blog.federacionfotovasca.org\/eu\/wp-json\/wp\/v2\/categories?post=518"},{"taxonomy":"post_tag","embeddable":true,"href":"https:\/\/blog.federacionfotovasca.org\/eu\/wp-json\/wp\/v2\/tags?post=518"}],"curies":[{"name":"wp","href":"https:\/\/api.w.org\/{rel}","templated":true}]}}