{"id":5450,"date":"2014-02-22T16:44:19","date_gmt":"2014-02-22T15:44:19","guid":{"rendered":"https:\/\/www.federacionfotovasca.org\/?p=5450"},"modified":"2014-02-22T16:44:40","modified_gmt":"2014-02-22T15:44:40","slug":"curso-comisariado-de-exposiciones-en-bilbao","status":"publish","type":"post","link":"https:\/\/blog.federacionfotovasca.org\/eu\/curso-comisariado-de-exposiciones-en-bilbao\/","title":{"rendered":"Curso &#8216;Comisariado de exposiciones&#8217; en BILBAO"},"content":{"rendered":"<p><span style=\"font-family: Arial; font-size: small;\">Escribimos desde la galer\u00eda de arte Plano B, hemos organizado en el curso <b><i>COMISARIADO DE EXPOSICIONES<\/i> <\/b>en Bilbao, el s\u00e1bado 08 de Marzo.<\/span><\/p>\n<p><span style=\"font-family: Arial; font-size: small;\">Toda la informaci\u00f3n en <span style=\"color: #00ffff;\"><a href=\"http:\/\/www.bilbao.espacioplanob.com\/\" target=\"_blank\"><span style=\"color: #00ffff;\">www.bilbao.espacioplanob.com<\/span><\/a><\/span><\/span><\/p>\n<p><span style=\"font-family: Arial; font-size: small;\">Un cordial saludo,<\/span><\/p>\n<p><span style=\"font-family: Arial; font-size: small;\">\u00c1lvaro Vargas &#8211; Director Espacio Plano B<\/span><\/p>\n","protected":false},"excerpt":{"rendered":"<p>Escribimos desde la galer\u00eda de arte Plano B, hemos organizado en el curso COMISARIADO DE EXPOSICIONES en Bilbao, el s\u00e1bado 08 de Marzo. Toda la informaci\u00f3n en www.bilbao.espacioplanob.com Un cordial saludo, \u00c1lvaro Vargas &#8211; Director Espacio Plano B<\/p>\n","protected":false},"author":1,"featured_media":0,"comment_status":"open","ping_status":"open","sticky":false,"template":"","format":"standard","meta":{"footnotes":""},"categories":[39],"tags":[421],"class_list":["post-5450","post","type-post","status-publish","format-standard","hentry","category-cursos","tag-cursos"],"_links":{"self":[{"href":"https:\/\/blog.federacionfotovasca.org\/eu\/wp-json\/wp\/v2\/posts\/5450","targetHints":{"allow":["GET"]}}],"collection":[{"href":"https:\/\/blog.federacionfotovasca.org\/eu\/wp-json\/wp\/v2\/posts"}],"about":[{"href":"https:\/\/blog.federacionfotovasca.org\/eu\/wp-json\/wp\/v2\/types\/post"}],"author":[{"embeddable":true,"href":"https:\/\/blog.federacionfotovasca.org\/eu\/wp-json\/wp\/v2\/users\/1"}],"replies":[{"embeddable":true,"href":"https:\/\/blog.federacionfotovasca.org\/eu\/wp-json\/wp\/v2\/comments?post=5450"}],"version-history":[{"count":1,"href":"https:\/\/blog.federacionfotovasca.org\/eu\/wp-json\/wp\/v2\/posts\/5450\/revisions"}],"predecessor-version":[{"id":5452,"href":"https:\/\/blog.federacionfotovasca.org\/eu\/wp-json\/wp\/v2\/posts\/5450\/revisions\/5452"}],"wp:attachment":[{"href":"https:\/\/blog.federacionfotovasca.org\/eu\/wp-json\/wp\/v2\/media?parent=5450"}],"wp:term":[{"taxonomy":"category","embeddable":true,"href":"https:\/\/blog.federacionfotovasca.org\/eu\/wp-json\/wp\/v2\/categories?post=5450"},{"taxonomy":"post_tag","embeddable":true,"href":"https:\/\/blog.federacionfotovasca.org\/eu\/wp-json\/wp\/v2\/tags?post=5450"}],"curies":[{"name":"wp","href":"https:\/\/api.w.org\/{rel}","templated":true}]}}