{"id":5678,"date":"2014-03-25T13:09:39","date_gmt":"2014-03-25T12:09:39","guid":{"rendered":"https:\/\/www.federacionfotovasca.org\/?p=5678"},"modified":"2014-03-25T13:09:39","modified_gmt":"2014-03-25T12:09:39","slug":"urola-bailarako-xxxvii-argazki-rallya-azpeitia","status":"publish","type":"post","link":"https:\/\/blog.federacionfotovasca.org\/eu\/urola-bailarako-xxxvii-argazki-rallya-azpeitia\/","title":{"rendered":"Urola Bailarako XXXVII. Argazki Rallya &#8211; Azpeitia"},"content":{"rendered":"<div dir=\"ltr\">\n<div>Kaixo guztioi.<\/div>\n<div><\/div>\n<p>Berriro ere hemen gatozkizue Rally berri baten berri ematera. Hain zuzen ere Apirilaren 6-an ospatuko dugun XXXVII. Udaberriko Rally-ra. Hamaiketako ederra ere izango dugu. Rally ondoren bazkaria ere izango da eta bertara joateko izen-emate orduan apuntatu ahal izango da.<\/p>\n<div><\/div>\n<div>Rallya Azpeiti eta Azkoiti artean izango da. Atxikita dituzue rally-ko oi\u00f1arriak, eta gogoratu Gau-Txori rallya izan zen moduan hau ere &#8220;Herriz-Herri&#8221; txapelketarako puntuagarria izango dela.<\/div>\n<div><\/div>\n<div>Bertan ikusiko garelakoan jaso ezazue agur bero bat.\u00a0\u00a0\u00a0\u00a0\u00a0\u00a0\u00a0\u00a0 <a href=\"https:\/\/www.federacionfotovasca.org\/wp-content\/uploads\/2014\/03\/Fotografo-01.gif\"><img loading=\"lazy\" decoding=\"async\" class=\"size-full wp-image-5649 alignright\" alt=\"Fotografo 01\" src=\"https:\/\/www.federacionfotovasca.org\/wp-content\/uploads\/2014\/03\/Fotografo-01.gif\" width=\"99\" height=\"105\" \/><\/a><\/div>\n<div><\/div>\n<div>Alex eta Juan Luis.<\/div>\n<div><\/div>\n<div>______________________________<wbr \/>____________________________<\/div>\n<div><\/div>\n<div>\u00a0Hola a tod@s.<\/div>\n<div><\/div>\n<div>Volvemos de nuevo avis\u00e1ndoos de la celebraci\u00f3n de otro Rally. \u00c9sta vez es la XXXVII. edici\u00f3n del Rally de Primavera.<\/div>\n<div>Contaremos con un buen &#8220;hamaiketako&#8221;. Tambi\u00e9n habr\u00e1 una comida despu\u00e9s del Rally para lo cual se avisar\u00e1 a la hora de la inscripci\u00f3n.<\/div>\n<div><\/div>\n<div>El Rally se celebrar\u00e1 entre Azpeitia y Azkoitia. Ten\u00e9is adjuntas las bases y record\u00e1ros que tal como fue el Rally Gau-Txori \u00e9ste Rally tambi\u00e9n es puntuable para el campeonato &#8220;Herriz-Herri&#8221;.<\/div>\n<div><\/div>\n<div>Os saludamos y esperamos vernos en el Rally.<\/div>\n<div><\/div>\n<div>Alex y Juan Luis.<\/div>\n<div><\/div>\n<h3><a href=\"https:\/\/www.federacionfotovasca.org\/wp-content\/uploads\/2014\/03\/XXXVII-RALLY-FOTOGRAFICO-2014.pdf\" target=\"_blank\"><span style=\"color: #ffff00;\"><span style=\"color: #ffff00;\">XXXVII RALLY FOTOGRAFICO 2014<\/span><\/span><\/a><\/h3>\n<h3><a href=\"https:\/\/www.federacionfotovasca.org\/wp-content\/uploads\/2014\/03\/Urola-bailarako-XXXVII-2014.pdf\" target=\"_blank\"><span style=\"color: #00ffff;\"><span style=\"color: #00ffff;\">Urola bailarako XXXVII 2014<\/span><\/span><\/a><\/h3>\n<\/div>\n","protected":false},"excerpt":{"rendered":"<p>Kaixo guztioi. Berriro ere hemen gatozkizue Rally berri baten berri ematera. Hain zuzen ere Apirilaren 6-an ospatuko dugun XXXVII. Udaberriko Rally-ra. Hamaiketako ederra ere izango dugu. Rally ondoren bazkaria ere izango da eta bertara joateko izen-emate orduan apuntatu ahal izango &hellip; <a href=\"https:\/\/blog.federacionfotovasca.org\/eu\/urola-bailarako-xxxvii-argazki-rallya-azpeitia\/\">Continue reading <span class=\"meta-nav\">&rarr;<\/span><\/a><\/p>\n","protected":false},"author":1,"featured_media":0,"comment_status":"open","ping_status":"open","sticky":false,"template":"","format":"standard","meta":{"footnotes":""},"categories":[15],"tags":[],"class_list":["post-5678","post","type-post","status-publish","format-standard","hentry","category-general"],"_links":{"self":[{"href":"https:\/\/blog.federacionfotovasca.org\/eu\/wp-json\/wp\/v2\/posts\/5678","targetHints":{"allow":["GET"]}}],"collection":[{"href":"https:\/\/blog.federacionfotovasca.org\/eu\/wp-json\/wp\/v2\/posts"}],"about":[{"href":"https:\/\/blog.federacionfotovasca.org\/eu\/wp-json\/wp\/v2\/types\/post"}],"author":[{"embeddable":true,"href":"https:\/\/blog.federacionfotovasca.org\/eu\/wp-json\/wp\/v2\/users\/1"}],"replies":[{"embeddable":true,"href":"https:\/\/blog.federacionfotovasca.org\/eu\/wp-json\/wp\/v2\/comments?post=5678"}],"version-history":[{"count":1,"href":"https:\/\/blog.federacionfotovasca.org\/eu\/wp-json\/wp\/v2\/posts\/5678\/revisions"}],"predecessor-version":[{"id":5682,"href":"https:\/\/blog.federacionfotovasca.org\/eu\/wp-json\/wp\/v2\/posts\/5678\/revisions\/5682"}],"wp:attachment":[{"href":"https:\/\/blog.federacionfotovasca.org\/eu\/wp-json\/wp\/v2\/media?parent=5678"}],"wp:term":[{"taxonomy":"category","embeddable":true,"href":"https:\/\/blog.federacionfotovasca.org\/eu\/wp-json\/wp\/v2\/categories?post=5678"},{"taxonomy":"post_tag","embeddable":true,"href":"https:\/\/blog.federacionfotovasca.org\/eu\/wp-json\/wp\/v2\/tags?post=5678"}],"curies":[{"name":"wp","href":"https:\/\/api.w.org\/{rel}","templated":true}]}}