{"id":5808,"date":"2014-05-22T19:05:27","date_gmt":"2014-05-22T17:05:27","guid":{"rendered":"https:\/\/www.federacionfotovasca.org\/?p=5808"},"modified":"2014-05-25T20:27:02","modified_gmt":"2014-05-25T18:27:02","slug":"talleres-y-cursos-mayo-2014-sfa","status":"publish","type":"post","link":"https:\/\/blog.federacionfotovasca.org\/eu\/talleres-y-cursos-mayo-2014-sfa\/","title":{"rendered":"Talleres y cursos MAYO 2014 &#8211; SFA"},"content":{"rendered":"<div><i><b>Te presentamos los talleres que hemos programado para el pr\u00f3ximo mes de mayo. An\u00edmate a aprender fotograf\u00eda!<\/b><\/i><\/div>\n<div><\/div>\n<div><span style=\"font-size: large;\">\u00a0 \u00a0<i><b>\u00a0TALLER CON JON URIARTE Y YOSIGO (HAVE A NICE BOOK)<\/b><\/i><\/span><\/div>\n<div><i>\u00a0<\/i><\/div>\n<div>\n<div><i>\u00a0 <b>El fen\u00f3meno de los libros de fotograf\u00eda: qui\u00e9n, c\u00f3mo y por qu\u00e9 el 24 y 25 de mayo<\/b><\/i><\/div>\n<div><a href=\"https:\/\/www.federacionfotovasca.org\/wp-content\/uploads\/2014\/04\/Have-a-Nice-Book.jpg\" target=\"_blank\"><img loading=\"lazy\" decoding=\"async\" class=\"wp-image-5809 aligncenter\" src=\"https:\/\/www.federacionfotovasca.org\/wp-content\/uploads\/2014\/04\/Have-a-Nice-Book.jpg\" alt=\"Have a Nice Book\" width=\"346\" height=\"346\" srcset=\"https:\/\/blog.federacionfotovasca.org\/wp-content\/uploads\/2014\/04\/Have-a-Nice-Book.jpg 960w, https:\/\/blog.federacionfotovasca.org\/wp-content\/uploads\/2014\/04\/Have-a-Nice-Book-300x300.jpg 300w, https:\/\/blog.federacionfotovasca.org\/wp-content\/uploads\/2014\/04\/Have-a-Nice-Book-620x620.jpg 620w, https:\/\/blog.federacionfotovasca.org\/wp-content\/uploads\/2014\/04\/Have-a-Nice-Book-768x768.jpg 768w, https:\/\/blog.federacionfotovasca.org\/wp-content\/uploads\/2014\/04\/Have-a-Nice-Book-940x940.jpg 940w, https:\/\/blog.federacionfotovasca.org\/wp-content\/uploads\/2014\/04\/Have-a-Nice-Book-160x160.jpg 160w, https:\/\/blog.federacionfotovasca.org\/wp-content\/uploads\/2014\/04\/Have-a-Nice-Book-320x320.jpg 320w\" sizes=\"auto, (max-width: 346px) 100vw, 346px\" \/><\/a><\/div>\n<div>\u00a0 \u00a0\u00a0 <span style=\"color: #c0c0c0; font-family: arial,helvetica,sans-serif;\">En los \u00faltimos a\u00f1os el libro de fotograf\u00eda se ha convertido en una herramienta de difusi\u00f3n y experimentaci\u00f3n muy importante en todo el mundo. Los reconocimientos internacionales recibidos por fot\u00f3grafos estatales recientemente demuestran que se trata de un formato que permite llegar a p\u00fablicos antes inalcanzables y permite desarrollar nuevas formas de comunicaci\u00f3n.<\/span><\/p>\n<div><span style=\"color: #c0c0c0; font-family: arial,helvetica,sans-serif;\">\u00a0<\/span><\/div>\n<p><span style=\"color: #c0c0c0; font-family: arial,helvetica,sans-serif;\">\u00a0 \u00a0 \u00a0 Este taller se divide en dos secciones, la primera donde se pondr\u00e1 en contexto el fen\u00f3meno del fotolibro a nivel nacional e internacional, y las actividades relacionadas con el libro de fotograf\u00eda que vienen desarrollando tanto Yosigo como Jon Uriarte.\u00a0 Y una segunda en la que a partir del material aportado por los participantes, se trabajar\u00e1n y propondr\u00e1n diferentes v\u00edas para acercarlas al libro de fotograf\u00eda.<\/span><\/p>\n<p><span style=\"color: #c0c0c0; font-family: Arial,Helvetica,sans-serif;\"><b><i>Horario: de 10:00 a 14:00 y de 16:00 a 20:00<\/i><\/b><\/span><\/p>\n<p><span style=\"color: #c0c0c0; font-family: Arial,Helvetica,sans-serif;\"><b><i>Precio: 30\u20ac socios\/ 60\u20ac no socios<\/i><\/b><\/span><\/p>\n<p><span style=\"color: #000000; font-family: Arial,Helvetica,sans-serif;\"><b><i>\u00a0<\/i><\/b><\/span><\/p>\n<blockquote>\n<div dir=\"ltr\">\n<p><span style=\"font-size: large;\"><b>\u00a0\u00a0\u00a0\u00a0\u00a0\u00a0\u00a0\u00a0\u00a0\u00a0\u00a0\u00a0\u00a0\u00a0\u00a0\u00a0\u00a0\u00a0\u00a0\u00a0\u00a0\u00a0\u00a0\u00a0\u00a0\u00a0\u00a0\u00a0\u00a0\u00a0<wbr \/>\u00a0 \u00a0 \u00a0 \u00a0 \u00a0 \u00a0 \u00a0 \u00a0 \u00a0 \u00a0 \u00a0 \u00a0 \u00a0 \u00a0 \u00a0 \u00a0 \u00a0 \u00a0 \u00a0 \u00a0 \u00a0 \u00a0 \u00a0 \u00a0 Rocio L\u00f3pez<\/b><\/span><\/p>\n<\/div>\n<\/blockquote>\n<p><b><i>\u00a0 del 12 al 29 de mayo<\/i><\/b><\/p>\n<p style=\"text-align: center;\"><a href=\"https:\/\/www.federacionfotovasca.org\/wp-content\/uploads\/2014\/04\/Photo.jpg\" target=\"_blank\"><img loading=\"lazy\" decoding=\"async\" class=\"wp-image-5811 aligncenter\" src=\"https:\/\/www.federacionfotovasca.org\/wp-content\/uploads\/2014\/04\/Photo-1024x610.jpg\" alt=\"Photo\" width=\"368\" height=\"220\" \/><\/a><\/p>\n<p><span style=\"color: #c0c0c0; font-family: arial,helvetica,sans-serif;\">Apto para aquellos que hayan realizado alg\u00fan curso de iniciaci\u00f3n a la fotograf\u00eda digital y deseen ampliar y seguir adelante, aprender\u00e1s las nociones b\u00e1sicas del retoque fotogr\u00e1fico, a trabajar con archivos RAW, a crearte un flujo de trabajo\u2026<\/span><\/p>\n<p><span style=\"color: #c0c0c0; font-family: arial,helvetica,sans-serif;\">No lo dejes pasar. Si quieres manejarte con soltura y retocar tus fotograf\u00edas a tu antojo bajo unos par\u00e1metros b\u00e1sicos este es tu curso<\/span><\/p>\n<p><span style=\"color: #c0c0c0; font-family: arial,helvetica,sans-serif;\"><b><i>Temario:<\/i><\/b><i>\u00a0<\/i><i>La imagen digital, software, herramientas b\u00e1sicas, digitalizaci\u00f3n (captura de imagenes), descarga y almacenamiento, resoluci\u00f3n y cambios de tama\u00f1o, retoque digital, trabajar en RAW, retoque creativo.<\/i><\/span><\/p>\n<p><span style=\"color: #c0c0c0; font-family: arial,helvetica,sans-serif;\"><b><i>Horario: de lunes a jueves, de 20:00 a 21:30<\/i><\/b><\/span><\/p>\n<p><span style=\"color: #c0c0c0; font-family: arial,helvetica,sans-serif;\"><b><i>Precio: 60\u20ac socios\/ 90\u20ac no socios<\/i><\/b><\/span><\/p>\n<p><span style=\"color: #000000; font-family: Arial,Helvetica,sans-serif;\"><b><i>\u00a0<\/i><\/b><\/span><\/p>\n<p><span style=\"font-family: arial,helvetica,sans-serif; color: #c0c0c0;\"><b><i>Inscripci\u00f3n:<\/i><\/b>\u00a0Para inscribirse en el curso, se rellenar\u00e1 la ficha de inscripci\u00f3n\u00a0 y se ingresar\u00e1 en la cuenta n\u00famero <b><a href=\"tel:2095%203160%2019\" target=\"_blank\"><span style=\"color: #c0c0c0;\">2095 3160 19<\/span><\/a>\u00a0<\/b><b>1090206813<\/b><b>\u00a0<\/b>de Caja Vital Kutxa el importe de la matr\u00edcula. Dicha\u00a0<b>ficha y el justificante de ingreso<\/b>\u00a0se remitir\u00e1n por mail a\u00a0<a href=\"mailto:sociedadfotografica@gmail.com\" target=\"_blank\"><span style=\"color: #c0c0c0;\">sociedadfotografica@gmail.<wbr \/>com<\/span><\/a>. Las plazas se cubrir\u00e1n por riguroso orden de recepci\u00f3n.<\/span><\/p>\n<p><span style=\"color: #c0c0c0; font-family: arial,helvetica,sans-serif;\">En el apartado \u201cCONCEPTO\u201d de dicho justificante, deber\u00e1 figurara\u00a0<b>obligatoriamente<\/b>\u00a0una\u00a0<b><wbr \/>referencia al curso<\/b>\u00a0al cual se v a acudir, as\u00ed como el<b>\u00a0<\/b><b>nombre y apellidos<\/b>\u00a0de la persona que asista.<\/span><\/p>\n<p><span style=\"color: #c0c0c0; font-family: arial,helvetica,sans-serif;\">Desde la asociaci\u00f3n se confirmar\u00e1 via mail o mediante llamada telef\u00f3nica la inscripci\u00f3n. Unos d\u00edas antes del curso se mandar\u00e1 un correo recordando fechas y horarios.<\/span><\/p>\n<p style=\"text-align: right;\"><a href=\"https:\/\/www.federacionfotovasca.org\/wp-content\/uploads\/2014\/01\/sfa.jpg\"><img loading=\"lazy\" decoding=\"async\" class=\"size-full wp-image-5306 alignleft\" src=\"https:\/\/www.federacionfotovasca.org\/wp-content\/uploads\/2014\/01\/sfa.jpg\" alt=\"sfa\" width=\"220\" height=\"88\" \/><\/a><span style=\"color: #333399;\">Oficina: lunes a viernes, de 17:00h a 20:00h<\/span><\/p>\n<div style=\"text-align: right;\"><span style=\"color: #333399;\">Telef: <a href=\"tel:945243922\" target=\"_blank\">945243922<\/a><\/span><\/div>\n<div style=\"text-align: right;\"><span style=\"color: #333399;\"><b><a href=\"http:\/\/www.sfalavesa.es\/\" target=\"_blank\">www.sfalavesa.es<\/a><\/b><\/span><\/div>\n<div style=\"text-align: right;\"><span style=\"color: #333399;\"><b><a href=\"mailto:sociedadfotografica@gmail.com\" target=\"_blank\">sociedadfotografica@gmail.com<\/a><\/b><\/span><\/div>\n<\/div>\n<\/div>\n","protected":false},"excerpt":{"rendered":"<p>Te presentamos los talleres que hemos programado para el pr\u00f3ximo mes de mayo. An\u00edmate a aprender fotograf\u00eda! \u00a0 \u00a0\u00a0TALLER CON JON URIARTE Y YOSIGO (HAVE A NICE BOOK) \u00a0 \u00a0 El fen\u00f3meno de los libros de fotograf\u00eda: qui\u00e9n, c\u00f3mo y &hellip; <a href=\"https:\/\/blog.federacionfotovasca.org\/eu\/talleres-y-cursos-mayo-2014-sfa\/\">Continue reading <span class=\"meta-nav\">&rarr;<\/span><\/a><\/p>\n","protected":false},"author":1,"featured_media":0,"comment_status":"open","ping_status":"open","sticky":false,"template":"","format":"standard","meta":{"footnotes":""},"categories":[59],"tags":[421,144],"class_list":["post-5808","post","type-post","status-publish","format-standard","hentry","category-tecnica","tag-cursos","tag-vitoria-gasteiz"],"_links":{"self":[{"href":"https:\/\/blog.federacionfotovasca.org\/eu\/wp-json\/wp\/v2\/posts\/5808","targetHints":{"allow":["GET"]}}],"collection":[{"href":"https:\/\/blog.federacionfotovasca.org\/eu\/wp-json\/wp\/v2\/posts"}],"about":[{"href":"https:\/\/blog.federacionfotovasca.org\/eu\/wp-json\/wp\/v2\/types\/post"}],"author":[{"embeddable":true,"href":"https:\/\/blog.federacionfotovasca.org\/eu\/wp-json\/wp\/v2\/users\/1"}],"replies":[{"embeddable":true,"href":"https:\/\/blog.federacionfotovasca.org\/eu\/wp-json\/wp\/v2\/comments?post=5808"}],"version-history":[{"count":1,"href":"https:\/\/blog.federacionfotovasca.org\/eu\/wp-json\/wp\/v2\/posts\/5808\/revisions"}],"predecessor-version":[{"id":6023,"href":"https:\/\/blog.federacionfotovasca.org\/eu\/wp-json\/wp\/v2\/posts\/5808\/revisions\/6023"}],"wp:attachment":[{"href":"https:\/\/blog.federacionfotovasca.org\/eu\/wp-json\/wp\/v2\/media?parent=5808"}],"wp:term":[{"taxonomy":"category","embeddable":true,"href":"https:\/\/blog.federacionfotovasca.org\/eu\/wp-json\/wp\/v2\/categories?post=5808"},{"taxonomy":"post_tag","embeddable":true,"href":"https:\/\/blog.federacionfotovasca.org\/eu\/wp-json\/wp\/v2\/tags?post=5808"}],"curies":[{"name":"wp","href":"https:\/\/api.w.org\/{rel}","templated":true}]}}