{"id":5909,"date":"2014-05-01T18:33:15","date_gmt":"2014-05-01T16:33:15","guid":{"rendered":"https:\/\/www.federacionfotovasca.org\/?p=5909"},"modified":"2014-05-01T18:36:20","modified_gmt":"2014-05-01T16:36:20","slug":"primer-concurso-de-fotografia-ciudades-patrimonio-y-naturaleza","status":"publish","type":"post","link":"https:\/\/blog.federacionfotovasca.org\/eu\/primer-concurso-de-fotografia-ciudades-patrimonio-y-naturaleza\/","title":{"rendered":"Primer concurso de fotograf\u00eda \u201cCiudades Patrimonio y Naturaleza\u201d"},"content":{"rendered":"<p><img loading=\"lazy\" decoding=\"async\" class=\"size-full wp-image-5910 aligncenter\" src=\"https:\/\/www.federacionfotovasca.org\/wp-content\/uploads\/2014\/05\/Captura-de-pantalla-2014-05-01-a-las-18.30.36.png\" alt=\"Captura de pantalla 2014-05-01 a la(s) 18.30.36\" width=\"1003\" height=\"188\" srcset=\"https:\/\/blog.federacionfotovasca.org\/wp-content\/uploads\/2014\/05\/Captura-de-pantalla-2014-05-01-a-las-18.30.36.png 1003w, https:\/\/blog.federacionfotovasca.org\/wp-content\/uploads\/2014\/05\/Captura-de-pantalla-2014-05-01-a-las-18.30.36-300x56.png 300w, https:\/\/blog.federacionfotovasca.org\/wp-content\/uploads\/2014\/05\/Captura-de-pantalla-2014-05-01-a-las-18.30.36-620x116.png 620w, https:\/\/blog.federacionfotovasca.org\/wp-content\/uploads\/2014\/05\/Captura-de-pantalla-2014-05-01-a-las-18.30.36-768x144.png 768w, https:\/\/blog.federacionfotovasca.org\/wp-content\/uploads\/2014\/05\/Captura-de-pantalla-2014-05-01-a-las-18.30.36-940x176.png 940w\" sizes=\"auto, (max-width: 1003px) 100vw, 1003px\" \/><\/p>\n<h1>El Grupo de Ciudades Patrimonio de la Humanidad de Espa\u00f1a y<\/h1>\n<h1>Seo\/Bird Life convocan el primer concurso de fotograf\u00eda<\/h1>\n<h1>\u201cCiudades Patrimonio y Naturaleza\u201d<\/h1>\n<p>El <strong>Grupo de Ciudades Patrimonio de la Humanidad de Espa\u00f1a<\/strong> y <strong>SEO\/BirdLife<\/strong> convocan a profesionales y aficionados de la fotograf\u00eda a participar en la primera edici\u00f3n de este concurso fotogr\u00e1fico en el que <strong>Patrimonio Cultural y Natural <\/strong>ser\u00e1n los protagonistas a trav\u00e9s de las aves que habitan en el valioso patrimonio hist\u00f3rico-art\u00edstico de las 15 ciudades espa\u00f1olas inscritas en la Lista del Patrimonio Mundial de la UNESCO: <strong>Alcal\u00e1 de Henares, \u00c1vila, Baeza, C\u00e1ceres, C\u00f3rdoba, Cuenca, Ibiza, M\u00e9rida, San Crist\u00f3bal de La Laguna, Santiago de Compostela, Segovia, Tarragona, Toledo y\u00a0 \u00dabeda.<\/strong><\/p>\n<p>Fomentar, reconocer, difundir y premiar la creatividad y originalidad en el arte de fotografiar las aves en sus h\u00e1bitats urbanos hist\u00f3ricos es el objetivo del certamen, que servir\u00e1 de veh\u00edculo para mostrar la variedad y riqueza del Patrimonio Natural de estas localidades, y en especial la ornitol\u00f3gica, en relaci\u00f3n con el patrimonio arquitect\u00f3nico monumental que las caracteriza y distingue.<\/p>\n<p>Para participar en el concurso los interesados deben ser fans de <a href=\"http:\/\/www.facebook.com\/grupocphe\">www.facebook.com\/grupocphe<\/a> y enviar a <a href=\"mailto:redes@ciudadespatrimonio.org\">redes@ciudadespatrimonio.org<\/a> un m\u00e1ximo de dos fotograf\u00edas. Estas im\u00e1genes deben captar un momento especial, una escena original o llamativa en la que aparezcan aves que habiten en los cascos hist\u00f3ricos de alguna de las 15 Ciudades Patrimonio de la Humanidad, junto con una breve explicaci\u00f3n sobre la misma: el lugar en que ha sido tomada, el nombre del ave y del lugar, la fecha, etc.<\/p>\n<p>El Grupo de Ciudades Patrimonio y SEO\/BirdLife evaluar\u00e1n tanto la calidad y originalidad de las fotograf\u00edas, del ave captada y del lugar en que ha sido tomada la imagen.<\/p>\n<p>El <strong>plazo para el env\u00edo de fotograf\u00edas estar\u00e1 abierto hasta las 24 horas del d\u00eda 15 de junio de 2014<\/strong>. A partir de esa fecha , tras la reuni\u00f3n y deliberaci\u00f3n del Jurado, los ganadores se dar\u00e1n a conocer en las p\u00e1ginas web del Grupo de Ciudades Patrimonio de la Humanidad de Espa\u00f1a y de SEO\/BirdLife y a trav\u00e9s de las redes sociales de estas dos organizaciones.<\/p>\n<p>M\u00e1s detalles: <a href=\"http:\/\/www.ciudadespatrimonio.org\/salaprensa\/notaprensa.php?id=124\" target=\"_blank\"><span style=\"color: #ccffff;\">http:\/\/www.ciudadespatrimonio.org\/salaprensa\/notaprensa.php?id=124<\/span><\/a><\/p>\n","protected":false},"excerpt":{"rendered":"<p>El Grupo de Ciudades Patrimonio de la Humanidad de Espa\u00f1a y Seo\/Bird Life convocan el primer concurso de fotograf\u00eda \u201cCiudades Patrimonio y Naturaleza\u201d El Grupo de Ciudades Patrimonio de la Humanidad de Espa\u00f1a y SEO\/BirdLife convocan a profesionales y aficionados &hellip; <a href=\"https:\/\/blog.federacionfotovasca.org\/eu\/primer-concurso-de-fotografia-ciudades-patrimonio-y-naturaleza\/\">Continue reading <span class=\"meta-nav\">&rarr;<\/span><\/a><\/p>\n","protected":false},"author":1,"featured_media":0,"comment_status":"open","ping_status":"open","sticky":false,"template":"","format":"standard","meta":{"footnotes":""},"categories":[36],"tags":[4],"class_list":["post-5909","post","type-post","status-publish","format-standard","hentry","category-concursos","tag-exposiciones"],"_links":{"self":[{"href":"https:\/\/blog.federacionfotovasca.org\/eu\/wp-json\/wp\/v2\/posts\/5909","targetHints":{"allow":["GET"]}}],"collection":[{"href":"https:\/\/blog.federacionfotovasca.org\/eu\/wp-json\/wp\/v2\/posts"}],"about":[{"href":"https:\/\/blog.federacionfotovasca.org\/eu\/wp-json\/wp\/v2\/types\/post"}],"author":[{"embeddable":true,"href":"https:\/\/blog.federacionfotovasca.org\/eu\/wp-json\/wp\/v2\/users\/1"}],"replies":[{"embeddable":true,"href":"https:\/\/blog.federacionfotovasca.org\/eu\/wp-json\/wp\/v2\/comments?post=5909"}],"version-history":[{"count":1,"href":"https:\/\/blog.federacionfotovasca.org\/eu\/wp-json\/wp\/v2\/posts\/5909\/revisions"}],"predecessor-version":[{"id":5916,"href":"https:\/\/blog.federacionfotovasca.org\/eu\/wp-json\/wp\/v2\/posts\/5909\/revisions\/5916"}],"wp:attachment":[{"href":"https:\/\/blog.federacionfotovasca.org\/eu\/wp-json\/wp\/v2\/media?parent=5909"}],"wp:term":[{"taxonomy":"category","embeddable":true,"href":"https:\/\/blog.federacionfotovasca.org\/eu\/wp-json\/wp\/v2\/categories?post=5909"},{"taxonomy":"post_tag","embeddable":true,"href":"https:\/\/blog.federacionfotovasca.org\/eu\/wp-json\/wp\/v2\/tags?post=5909"}],"curies":[{"name":"wp","href":"https:\/\/api.w.org\/{rel}","templated":true}]}}