{"id":5917,"date":"2014-05-01T18:44:15","date_gmt":"2014-05-01T16:44:15","guid":{"rendered":"https:\/\/www.federacionfotovasca.org\/?p=5917"},"modified":"2014-05-01T18:46:08","modified_gmt":"2014-05-01T16:46:08","slug":"concurso-fotografico-agrupacio-fotografica-setabense-daficionats-afsa","status":"publish","type":"post","link":"https:\/\/blog.federacionfotovasca.org\/eu\/concurso-fotografico-agrupacio-fotografica-setabense-daficionats-afsa\/","title":{"rendered":"Concurso Fotogr\u00e1fico &#8211; Agrupaci\u00f3 Fotogr\u00e0fica Setabense d&#8217;Aficionats (AFSA)"},"content":{"rendered":"<p>Este a\u00f1o estamos celebrando nuestro 60 aniversario. Llevamos 60 a\u00f1os de concursos locales y nacionales, y anunciamos el primer concurso internacional. Le ruego que nos ayude, para dar a conocer este concurso de\u00a0 fotograf\u00eda, entre sus amigos y conocidos del club. Le adjunto las bases.<\/p>\n<p>Eugenio Vila<br \/>\nPatrocinio de la FIAP (N\u00ba 2014\/151)<br \/>\nPatrocinio la CEF (N\u00ba I-2014-09).<br \/>\nInf\u00f3rmate de las actividades en<\/p>\n<blockquote class=\"wp-embedded-content\" data-secret=\"xfRk10IOUi\"><p><a href=\"https:\/\/afsaxativa.org\/\">Sal\u00f3n Nacional 2023<\/a><\/p><\/blockquote>\n<p><iframe loading=\"lazy\" class=\"wp-embedded-content\" sandbox=\"allow-scripts\" security=\"restricted\" style=\"position: absolute; clip: rect(1px, 1px, 1px, 1px);\" title=\"\u00abSal\u00f3n Nacional 2023\u00bb \u2014 Agrupaci\u00f3 Fotogr\u00e0fica Setabense d&#039;Aficionats\" src=\"https:\/\/afsaxativa.org\/embed\/#?secret=7tlIxT8JPh#?secret=xfRk10IOUi\" data-secret=\"xfRk10IOUi\" width=\"600\" height=\"338\" frameborder=\"0\" marginwidth=\"0\" marginheight=\"0\" scrolling=\"no\"><\/iframe><br \/>\nhttp:\/\/afsaxativa.blogspot.com.es\/<\/p>\n<p>Agrupaci\u00f3 Fotogr\u00e0fica Setabense d&#8217;Aficionats<\/p>\n<p><a href=\"https:\/\/www.federacionfotovasca.org\/wp-content\/uploads\/2014\/05\/Bases-Espanol-AFSA.pdf\" target=\"_blank\">Bases Espanol AFSA<\/a><\/p>\n","protected":false},"excerpt":{"rendered":"<p>Este a\u00f1o estamos celebrando nuestro 60 aniversario. Llevamos 60 a\u00f1os de concursos locales y nacionales, y anunciamos el primer concurso internacional. Le ruego que nos ayude, para dar a conocer este concurso de\u00a0 fotograf\u00eda, entre sus amigos y conocidos del &hellip; <a href=\"https:\/\/blog.federacionfotovasca.org\/eu\/concurso-fotografico-agrupacio-fotografica-setabense-daficionats-afsa\/\">Continue reading <span class=\"meta-nav\">&rarr;<\/span><\/a><\/p>\n","protected":false},"author":1,"featured_media":0,"comment_status":"open","ping_status":"open","sticky":false,"template":"","format":"standard","meta":{"footnotes":""},"categories":[36],"tags":[419],"class_list":["post-5917","post","type-post","status-publish","format-standard","hentry","category-concursos","tag-concursos"],"_links":{"self":[{"href":"https:\/\/blog.federacionfotovasca.org\/eu\/wp-json\/wp\/v2\/posts\/5917","targetHints":{"allow":["GET"]}}],"collection":[{"href":"https:\/\/blog.federacionfotovasca.org\/eu\/wp-json\/wp\/v2\/posts"}],"about":[{"href":"https:\/\/blog.federacionfotovasca.org\/eu\/wp-json\/wp\/v2\/types\/post"}],"author":[{"embeddable":true,"href":"https:\/\/blog.federacionfotovasca.org\/eu\/wp-json\/wp\/v2\/users\/1"}],"replies":[{"embeddable":true,"href":"https:\/\/blog.federacionfotovasca.org\/eu\/wp-json\/wp\/v2\/comments?post=5917"}],"version-history":[{"count":1,"href":"https:\/\/blog.federacionfotovasca.org\/eu\/wp-json\/wp\/v2\/posts\/5917\/revisions"}],"predecessor-version":[{"id":5922,"href":"https:\/\/blog.federacionfotovasca.org\/eu\/wp-json\/wp\/v2\/posts\/5917\/revisions\/5922"}],"wp:attachment":[{"href":"https:\/\/blog.federacionfotovasca.org\/eu\/wp-json\/wp\/v2\/media?parent=5917"}],"wp:term":[{"taxonomy":"category","embeddable":true,"href":"https:\/\/blog.federacionfotovasca.org\/eu\/wp-json\/wp\/v2\/categories?post=5917"},{"taxonomy":"post_tag","embeddable":true,"href":"https:\/\/blog.federacionfotovasca.org\/eu\/wp-json\/wp\/v2\/tags?post=5917"}],"curies":[{"name":"wp","href":"https:\/\/api.w.org\/{rel}","templated":true}]}}