{"id":6,"date":"2006-06-12T21:16:21","date_gmt":"2006-06-12T19:16:21","guid":{"rendered":"\/?p=6"},"modified":"2007-12-23T20:55:28","modified_gmt":"2007-12-23T20:55:28","slug":"arnold-newman-nos-ha-abandonado","status":"publish","type":"post","link":"https:\/\/blog.federacionfotovasca.org\/eu\/arnold-newman-nos-ha-abandonado\/","title":{"rendered":"Arnold Newman nos ha abandonado"},"content":{"rendered":"<p>Recientemente ha fallecido con 88 a\u00f1os de edad el extraordinario fot\u00f3grafo Arnold Newman.<\/p>\n<p>Os pongo a continuaci\u00f3n un enlace a unas galer\u00edas de fotos suyas en las que seguro disfrutareis tanto los que ya conociais su obra como los que no. <u><font color=\"#0000ff\"><a href=\"http:\/\/pdngallery.com\/global\/en\/professional\/features\/legendsV6Q5\/newman.jhtml\" target=\"_blank\">Arnold Newman<\/a><\/font><\/u>.<\/p>\n<p>Tambien le vamos a colocar un enlace permanente en nuestra secci\u00f3n de <a href=\"index.php?option=com_bookmarks&amp;Itemid=45&amp;mode=0&amp;catid=2&amp;navstart=0&amp;search=*\">ENLACES<\/a>.<\/p>\n<p><!--more--><\/p>\n","protected":false},"excerpt":{"rendered":"<p>Recientemente ha fallecido con 88 a\u00f1os de edad el extraordinario fot\u00f3grafo Arnold Newman. Os pongo a continuaci\u00f3n un enlace a unas galer\u00edas de fotos suyas en las que seguro disfrutareis tanto los que ya conociais su obra como los que &hellip; <a href=\"https:\/\/blog.federacionfotovasca.org\/eu\/arnold-newman-nos-ha-abandonado\/\">Continue reading <span class=\"meta-nav\">&rarr;<\/span><\/a><\/p>\n","protected":false},"author":1,"featured_media":0,"comment_status":"open","ping_status":"open","sticky":false,"template":"","format":"standard","meta":{"footnotes":""},"categories":[15],"tags":[],"class_list":["post-6","post","type-post","status-publish","format-standard","hentry","category-general"],"_links":{"self":[{"href":"https:\/\/blog.federacionfotovasca.org\/eu\/wp-json\/wp\/v2\/posts\/6","targetHints":{"allow":["GET"]}}],"collection":[{"href":"https:\/\/blog.federacionfotovasca.org\/eu\/wp-json\/wp\/v2\/posts"}],"about":[{"href":"https:\/\/blog.federacionfotovasca.org\/eu\/wp-json\/wp\/v2\/types\/post"}],"author":[{"embeddable":true,"href":"https:\/\/blog.federacionfotovasca.org\/eu\/wp-json\/wp\/v2\/users\/1"}],"replies":[{"embeddable":true,"href":"https:\/\/blog.federacionfotovasca.org\/eu\/wp-json\/wp\/v2\/comments?post=6"}],"version-history":[{"count":0,"href":"https:\/\/blog.federacionfotovasca.org\/eu\/wp-json\/wp\/v2\/posts\/6\/revisions"}],"wp:attachment":[{"href":"https:\/\/blog.federacionfotovasca.org\/eu\/wp-json\/wp\/v2\/media?parent=6"}],"wp:term":[{"taxonomy":"category","embeddable":true,"href":"https:\/\/blog.federacionfotovasca.org\/eu\/wp-json\/wp\/v2\/categories?post=6"},{"taxonomy":"post_tag","embeddable":true,"href":"https:\/\/blog.federacionfotovasca.org\/eu\/wp-json\/wp\/v2\/tags?post=6"}],"curies":[{"name":"wp","href":"https:\/\/api.w.org\/{rel}","templated":true}]}}