{"id":6073,"date":"2014-05-22T18:55:54","date_gmt":"2014-05-22T16:55:54","guid":{"rendered":"https:\/\/www.federacionfotovasca.org\/?p=6073"},"modified":"2014-05-25T20:28:06","modified_gmt":"2014-05-25T18:28:06","slug":"exposicion-del-trofeo-gipuzkoa-sfg","status":"publish","type":"post","link":"https:\/\/blog.federacionfotovasca.org\/eu\/exposicion-del-trofeo-gipuzkoa-sfg\/","title":{"rendered":"EXPOSICION DEL TROFEO GIPUZKOA &#8211; sfg"},"content":{"rendered":"<p><a href=\"http:\/\/www.sfg-ss.com\/\" target=\"_blank\"><img loading=\"lazy\" decoding=\"async\" class=\"alignnone size-full wp-image-6014\" src=\"https:\/\/www.federacionfotovasca.org\/wp-content\/uploads\/2014\/05\/Captura-de-pantalla-2014-05-16-a-las-12.38.22.png\" alt=\"sfg\" width=\"933\" height=\"79\" srcset=\"https:\/\/blog.federacionfotovasca.org\/wp-content\/uploads\/2014\/05\/Captura-de-pantalla-2014-05-16-a-las-12.38.22.png 933w, https:\/\/blog.federacionfotovasca.org\/wp-content\/uploads\/2014\/05\/Captura-de-pantalla-2014-05-16-a-las-12.38.22-300x25.png 300w, https:\/\/blog.federacionfotovasca.org\/wp-content\/uploads\/2014\/05\/Captura-de-pantalla-2014-05-16-a-las-12.38.22-620x52.png 620w, https:\/\/blog.federacionfotovasca.org\/wp-content\/uploads\/2014\/05\/Captura-de-pantalla-2014-05-16-a-las-12.38.22-768x65.png 768w\" sizes=\"auto, (max-width: 933px) 100vw, 933px\" \/><\/a><\/p>\n<p>Estimados amigos(as):<\/p>\n<p>Tenemos disponible para exponer nuestra colecci\u00f3n de fotograf\u00edas del Trofeo Gipuzkoa 2013. Todo aquel que est\u00e9 interesado en exponerlas en vuestras Agrupaciones nos puede remitir un mail indicando su inter\u00e9s y cu\u00e1ndo lo desea o tiene disponible sala para ver si podemos cuadrar calendarios.<\/p>\n<p>En funci\u00f3n de la aceptaci\u00f3n o demanda que tenga podemos ofrecerla 1 mes o 2-3 semanas&#8230;<\/p>\n<p>Son 4 colecciones preparadas para enmarcar en marcos de 40x50cm, un total de 45 obras.<\/p>\n<p>&#8211; Color (12 obras)<\/p>\n<p>&#8211; Monocromo (13 obras)<\/p>\n<p>&#8211; Creativa (12 obras)<\/p>\n<p>&#8211; Mejor Autor (8 obras)<\/p>\n<p>Saludos,<\/p>\n<p>Luis Pontijas<\/p>\n<p>Sociedad Fotogr\u00e1fica de Gipuzkoa<\/p>\n<p>C\/ San Juan, 27<\/p>\n<p>Tel. <a href=\"tel:943%2042%2013%2086\">943 42 13 86<\/a><\/p>\n<p><a href=\"http:\/\/www.sfg-ss.com\">www.sfg-ss.com<\/a><\/p>\n<p><a href=\"mailto:sfg@sfg-ss.com\">sfg@sfg-ss.com<\/a><\/p>\n","protected":false},"excerpt":{"rendered":"<p>Estimados amigos(as): Tenemos disponible para exponer nuestra colecci\u00f3n de fotograf\u00edas del Trofeo Gipuzkoa 2013. Todo aquel que est\u00e9 interesado en exponerlas en vuestras Agrupaciones nos puede remitir un mail indicando su inter\u00e9s y cu\u00e1ndo lo desea o tiene disponible sala &hellip; <a href=\"https:\/\/blog.federacionfotovasca.org\/eu\/exposicion-del-trofeo-gipuzkoa-sfg\/\">Continue reading <span class=\"meta-nav\">&rarr;<\/span><\/a><\/p>\n","protected":false},"author":1,"featured_media":0,"comment_status":"open","ping_status":"open","sticky":false,"template":"","format":"standard","meta":{"footnotes":""},"categories":[26],"tags":[4,138],"class_list":["post-6073","post","type-post","status-publish","format-standard","hentry","category-expocisiones","tag-exposiciones","tag-gipuzkoa"],"_links":{"self":[{"href":"https:\/\/blog.federacionfotovasca.org\/eu\/wp-json\/wp\/v2\/posts\/6073","targetHints":{"allow":["GET"]}}],"collection":[{"href":"https:\/\/blog.federacionfotovasca.org\/eu\/wp-json\/wp\/v2\/posts"}],"about":[{"href":"https:\/\/blog.federacionfotovasca.org\/eu\/wp-json\/wp\/v2\/types\/post"}],"author":[{"embeddable":true,"href":"https:\/\/blog.federacionfotovasca.org\/eu\/wp-json\/wp\/v2\/users\/1"}],"replies":[{"embeddable":true,"href":"https:\/\/blog.federacionfotovasca.org\/eu\/wp-json\/wp\/v2\/comments?post=6073"}],"version-history":[{"count":1,"href":"https:\/\/blog.federacionfotovasca.org\/eu\/wp-json\/wp\/v2\/posts\/6073\/revisions"}],"predecessor-version":[{"id":6074,"href":"https:\/\/blog.federacionfotovasca.org\/eu\/wp-json\/wp\/v2\/posts\/6073\/revisions\/6074"}],"wp:attachment":[{"href":"https:\/\/blog.federacionfotovasca.org\/eu\/wp-json\/wp\/v2\/media?parent=6073"}],"wp:term":[{"taxonomy":"category","embeddable":true,"href":"https:\/\/blog.federacionfotovasca.org\/eu\/wp-json\/wp\/v2\/categories?post=6073"},{"taxonomy":"post_tag","embeddable":true,"href":"https:\/\/blog.federacionfotovasca.org\/eu\/wp-json\/wp\/v2\/tags?post=6073"}],"curies":[{"name":"wp","href":"https:\/\/api.w.org\/{rel}","templated":true}]}}