{"id":6141,"date":"2014-05-25T21:01:39","date_gmt":"2014-05-25T19:01:39","guid":{"rendered":"https:\/\/www.federacionfotovasca.org\/?p=6141"},"modified":"2014-05-25T21:01:39","modified_gmt":"2014-05-25T19:01:39","slug":"nuevo-apartado-de-argizaiola","status":"publish","type":"post","link":"https:\/\/blog.federacionfotovasca.org\/eu\/nuevo-apartado-de-argizaiola\/","title":{"rendered":"Nuevo apartado de Argizaiola"},"content":{"rendered":"<p>Como os informamos en el pasado Congreso hemos creado un nuevo apartado sobre el concurso de Argizaiola, el concurso de los concursos.<\/p>\n<p>Al mismo pod\u00e9is acceder pinchando en la imagen del Argizaiola:<\/p>\n<p><a href=\"https:\/\/www.federacionfotovasca.org\/wp-content\/uploads\/2014\/05\/25-05-2014-20-54-31.jpg\"><img loading=\"lazy\" decoding=\"async\" class=\"alignnone size-large wp-image-6142\" src=\"https:\/\/www.federacionfotovasca.org\/wp-content\/uploads\/2014\/05\/25-05-2014-20-54-31-940x505.jpg\" alt=\"25-05-2014 20-54-31\" width=\"940\" height=\"505\" srcset=\"https:\/\/blog.federacionfotovasca.org\/wp-content\/uploads\/2014\/05\/25-05-2014-20-54-31-940x505.jpg 940w, https:\/\/blog.federacionfotovasca.org\/wp-content\/uploads\/2014\/05\/25-05-2014-20-54-31-300x161.jpg 300w, https:\/\/blog.federacionfotovasca.org\/wp-content\/uploads\/2014\/05\/25-05-2014-20-54-31-620x333.jpg 620w, https:\/\/blog.federacionfotovasca.org\/wp-content\/uploads\/2014\/05\/25-05-2014-20-54-31-768x413.jpg 768w, https:\/\/blog.federacionfotovasca.org\/wp-content\/uploads\/2014\/05\/25-05-2014-20-54-31.jpg 1920w\" sizes=\"auto, (max-width: 940px) 100vw, 940px\" \/><\/a><\/p>\n<p>&nbsp;<\/p>\n<p>En este apartado podeis consultar: la historia del Argizaiola, sus bases, toda la informaci\u00f3n de los concursos clasificatorios, las fotos premiadas en el \u00faltimo a\u00f1o y los a\u00f1os anteriores.<\/p>\n<p>La informaci\u00f3n se ir\u00e1 completando poco a poco.<\/p>\n<p>Esperamos que os sea de actualidad.<\/p>\n<p>&nbsp;<\/p>\n","protected":false},"excerpt":{"rendered":"<p>Como os informamos en el pasado Congreso hemos creado un nuevo apartado sobre el concurso de Argizaiola, el concurso de los concursos. Al mismo pod\u00e9is acceder pinchando en la imagen del Argizaiola: &nbsp; En este apartado podeis consultar: la historia &hellip; <a href=\"https:\/\/blog.federacionfotovasca.org\/eu\/nuevo-apartado-de-argizaiola\/\">Continue reading <span class=\"meta-nav\">&rarr;<\/span><\/a><\/p>\n","protected":false},"author":1,"featured_media":0,"comment_status":"open","ping_status":"open","sticky":false,"template":"","format":"standard","meta":{"footnotes":""},"categories":[36,8],"tags":[110,415],"class_list":["post-6141","post","type-post","status-publish","format-standard","hentry","category-concursos","category-web","tag-argiaziola","tag-web"],"_links":{"self":[{"href":"https:\/\/blog.federacionfotovasca.org\/eu\/wp-json\/wp\/v2\/posts\/6141","targetHints":{"allow":["GET"]}}],"collection":[{"href":"https:\/\/blog.federacionfotovasca.org\/eu\/wp-json\/wp\/v2\/posts"}],"about":[{"href":"https:\/\/blog.federacionfotovasca.org\/eu\/wp-json\/wp\/v2\/types\/post"}],"author":[{"embeddable":true,"href":"https:\/\/blog.federacionfotovasca.org\/eu\/wp-json\/wp\/v2\/users\/1"}],"replies":[{"embeddable":true,"href":"https:\/\/blog.federacionfotovasca.org\/eu\/wp-json\/wp\/v2\/comments?post=6141"}],"version-history":[{"count":1,"href":"https:\/\/blog.federacionfotovasca.org\/eu\/wp-json\/wp\/v2\/posts\/6141\/revisions"}],"predecessor-version":[{"id":6143,"href":"https:\/\/blog.federacionfotovasca.org\/eu\/wp-json\/wp\/v2\/posts\/6141\/revisions\/6143"}],"wp:attachment":[{"href":"https:\/\/blog.federacionfotovasca.org\/eu\/wp-json\/wp\/v2\/media?parent=6141"}],"wp:term":[{"taxonomy":"category","embeddable":true,"href":"https:\/\/blog.federacionfotovasca.org\/eu\/wp-json\/wp\/v2\/categories?post=6141"},{"taxonomy":"post_tag","embeddable":true,"href":"https:\/\/blog.federacionfotovasca.org\/eu\/wp-json\/wp\/v2\/tags?post=6141"}],"curies":[{"name":"wp","href":"https:\/\/api.w.org\/{rel}","templated":true}]}}