{"id":644,"date":"2008-02-14T18:54:48","date_gmt":"2008-02-14T18:54:48","guid":{"rendered":"https:\/\/www.federacionfotovasca.org\/?p=644"},"modified":"2008-02-14T18:54:48","modified_gmt":"2008-02-14T18:54:48","slug":"un-bilbaino-gana-el-premio-de-fotografia-de-la-naranja","status":"publish","type":"post","link":"https:\/\/blog.federacionfotovasca.org\/eu\/un-bilbaino-gana-el-premio-de-fotografia-de-la-naranja\/","title":{"rendered":"Un bilba\u00edno gana el premio de fotograf\u00eda de La Naranja"},"content":{"rendered":"<p align=\"justify\">El jurado calificador de la XV edici\u00f3n del Certamen Internacional de Fotograf\u00eda de la Naranja, presidido por el concejal de Cultura, Enrique Safont, ha otorgado el primer premio a la colecci\u00f3n presentada por el bilba\u00edno Emilio Mu\u00f1oz Blanco, quien se embolsar\u00e1 los 1.000 euros con los que est\u00e1 dotado el m\u00e1ximo galard\u00f3n del concurso.<\/p>\n<p align=\"justify\"> El Premio Especial Bag\u00fa SA para la mejor colecci\u00f3n publicitaria, tambi\u00e9n valorado con 1.000 euros, ha reca\u00eddo en el burrianense Juan Garc\u00eda S\u00e1nchez. Asimismo, el jurado ha decidido otorgar el segundo premio y 700 euros al bonaerense Ra\u00fal Villalba y el tercero, con 500 euros a Manuel Portol\u00e9s, de la localidad valenciana de Mislata.<\/p>\n<p align=\"justify\"> El Museu de la Taronja adquiere con estas aportaciones econ\u00f3micas las obras premiadas y se reserva el derecho a reproducirlas, aunque siempre indicando el nombre del autor. Los miembros del tribunal han determinado estos premios tras examinar detalladamente las 26 colecciones fotogr\u00e1ficas presentadas al concurso, procedentes de Espa\u00f1a y del extranjero.<\/p>\n<p align=\"justify\">Enhorabuena bilbaino.<\/p>\n","protected":false},"excerpt":{"rendered":"<p>El jurado calificador de la XV edici\u00f3n del Certamen Internacional de Fotograf\u00eda de la Naranja, presidido por el concejal de Cultura, Enrique Safont, ha otorgado el primer premio a la colecci\u00f3n presentada por el bilba\u00edno Emilio Mu\u00f1oz Blanco, quien se &hellip; <a href=\"https:\/\/blog.federacionfotovasca.org\/eu\/un-bilbaino-gana-el-premio-de-fotografia-de-la-naranja\/\">Continue reading <span class=\"meta-nav\">&rarr;<\/span><\/a><\/p>\n","protected":false},"author":1,"featured_media":0,"comment_status":"open","ping_status":"open","sticky":false,"template":"","format":"standard","meta":{"footnotes":""},"categories":[36],"tags":[419,418],"class_list":["post-644","post","type-post","status-publish","format-standard","hentry","category-concursos","tag-concursos","tag-noticias"],"_links":{"self":[{"href":"https:\/\/blog.federacionfotovasca.org\/eu\/wp-json\/wp\/v2\/posts\/644","targetHints":{"allow":["GET"]}}],"collection":[{"href":"https:\/\/blog.federacionfotovasca.org\/eu\/wp-json\/wp\/v2\/posts"}],"about":[{"href":"https:\/\/blog.federacionfotovasca.org\/eu\/wp-json\/wp\/v2\/types\/post"}],"author":[{"embeddable":true,"href":"https:\/\/blog.federacionfotovasca.org\/eu\/wp-json\/wp\/v2\/users\/1"}],"replies":[{"embeddable":true,"href":"https:\/\/blog.federacionfotovasca.org\/eu\/wp-json\/wp\/v2\/comments?post=644"}],"version-history":[{"count":0,"href":"https:\/\/blog.federacionfotovasca.org\/eu\/wp-json\/wp\/v2\/posts\/644\/revisions"}],"wp:attachment":[{"href":"https:\/\/blog.federacionfotovasca.org\/eu\/wp-json\/wp\/v2\/media?parent=644"}],"wp:term":[{"taxonomy":"category","embeddable":true,"href":"https:\/\/blog.federacionfotovasca.org\/eu\/wp-json\/wp\/v2\/categories?post=644"},{"taxonomy":"post_tag","embeddable":true,"href":"https:\/\/blog.federacionfotovasca.org\/eu\/wp-json\/wp\/v2\/tags?post=644"}],"curies":[{"name":"wp","href":"https:\/\/api.w.org\/{rel}","templated":true}]}}