{"id":645,"date":"2008-02-14T19:03:23","date_gmt":"2008-02-14T19:03:23","guid":{"rendered":"https:\/\/www.federacionfotovasca.org\/?p=645"},"modified":"2008-02-14T19:03:23","modified_gmt":"2008-02-14T19:03:23","slug":"alumnos-de-artes-y-oficios-exhiben-sus-visiones-de-la-fotografia","status":"publish","type":"post","link":"https:\/\/blog.federacionfotovasca.org\/eu\/alumnos-de-artes-y-oficios-exhiben-sus-visiones-de-la-fotografia\/","title":{"rendered":"Alumnos de Artes y Oficios exhiben sus visiones de la fotograf\u00eda"},"content":{"rendered":"<p align=\"justify\">\u00abNo hemos querido plantear un tema general, sino reivindicar la figura del autor\u00bb, explic\u00f3 ayer el profesor de fotograf\u00eda Koldo Menzada al presentar &#8216;La mano que mueve la mies&#8217;. En ella, alumnos de los talleres de fotograf\u00eda y v\u00eddeo del departamento de Imagen de la Escuela de Artes y Oficios de Vitoria aportan sus propias visiones a trav\u00e9s de 57 fotos en blanco y negro y en color, as\u00ed como tres trabajos audiovisuales, realizados por sendos equipos, en la sala Luis de Ajuria.<\/p>\n<p><img loading=\"lazy\" decoding=\"async\" src=\"http:\/\/www.elcorreodigital.com\/vizcaya\/prensa\/noticias\/200802\/12\/fotos\/073D2ALA002_1.jpg\" align=\"left\" height=\"189\" width=\"253\" \/>Con un t\u00edtulo que alude a que \u00abcada espiga es distinta, uno de nosotros\u00bb, las piezas muestran tratamientos y motivos muy diversos. Hasta el 5 de marzo, el espectador puede apreciar la creatividad de los distintos autores a trav\u00e9s de paisajes, retratos, detalles urbanos, im\u00e1genes en las que se superponen elementos y significados o piezas en las que se abordan aspectos de la propia esencia fotogr\u00e1fica, como por ejemplo la capacidad de detener el tiempo en un instante preciso.<\/p>\n<p>La muestra, coordinada junto a Mendaza por el profesor Juan Arrosagaray, cuenta con el colectivo La Tripulaci\u00f3n como artistas invitados. Entre los integrantes de esta agrupaci\u00f3n se hallan Beatriz Casas, que exhibe un autorretrato titulado &#8216;Homenaje&#8217;, realizado en blanco y negro con formato digital, y Javier Calleja, que ha emplado la fotograf\u00eda anal\u00f3gica para destacar \u00abla imagen de un pez en una especie de jarr\u00f3n\u00bb, como discurso en torno \u00abal poco sitio que tenemos en la sociedad\u00bb, indic\u00f3.<\/p>\n<p><strong class=\"strong\">Esquema habitual<\/strong><br \/>\n<strong class=\"strong\"> <\/strong><br \/>\n<strong class=\"strong\"> <\/strong>Dentro de las obras en v\u00eddeo, Arrosagaray explic\u00f3 que una de las propuestas, desarrolladas por tres grupos, repite el esquema habitual de los canales televisivos, con elementos publicitarios, informativos y ficci\u00f3n. En otro caso, se suman \u00abel &#8216;body painting&#8217;, la animaci\u00f3n y el v\u00eddeo experimental\u00bb, mientras que tres autores firman una obra relacionada con &#8216;Las horas del d\u00eda&#8217; de Jaime Rosales.<\/p>\n<p>Adem\u00e1s, una pieza ubicada en el centro de la sala reivindica el desaparecido festival NEFF vitoriano.<\/p>\n<p align=\"justify\">&nbsp;<\/p>\n<p align=\"justify\">(Fuente <a href=\"http:\/\/www.elcorreodigital.com\/alava\/20080212\/cultura\/alumnos-artes-oficios-exhiben-20080212.html\" target=\"_blank\">ElCorreoDigital<\/a>)<\/p>\n","protected":false},"excerpt":{"rendered":"<p>\u00abNo hemos querido plantear un tema general, sino reivindicar la figura del autor\u00bb, explic\u00f3 ayer el profesor de fotograf\u00eda Koldo Menzada al presentar &#8216;La mano que mueve la mies&#8217;. En ella, alumnos de los talleres de fotograf\u00eda y v\u00eddeo del &hellip; <a href=\"https:\/\/blog.federacionfotovasca.org\/eu\/alumnos-de-artes-y-oficios-exhiben-sus-visiones-de-la-fotografia\/\">Continue reading <span class=\"meta-nav\">&rarr;<\/span><\/a><\/p>\n","protected":false},"author":1,"featured_media":0,"comment_status":"open","ping_status":"open","sticky":false,"template":"","format":"standard","meta":{"footnotes":""},"categories":[26],"tags":[4,35],"class_list":["post-645","post","type-post","status-publish","format-standard","hentry","category-expocisiones","tag-exposiciones","tag-vitoria"],"_links":{"self":[{"href":"https:\/\/blog.federacionfotovasca.org\/eu\/wp-json\/wp\/v2\/posts\/645","targetHints":{"allow":["GET"]}}],"collection":[{"href":"https:\/\/blog.federacionfotovasca.org\/eu\/wp-json\/wp\/v2\/posts"}],"about":[{"href":"https:\/\/blog.federacionfotovasca.org\/eu\/wp-json\/wp\/v2\/types\/post"}],"author":[{"embeddable":true,"href":"https:\/\/blog.federacionfotovasca.org\/eu\/wp-json\/wp\/v2\/users\/1"}],"replies":[{"embeddable":true,"href":"https:\/\/blog.federacionfotovasca.org\/eu\/wp-json\/wp\/v2\/comments?post=645"}],"version-history":[{"count":0,"href":"https:\/\/blog.federacionfotovasca.org\/eu\/wp-json\/wp\/v2\/posts\/645\/revisions"}],"wp:attachment":[{"href":"https:\/\/blog.federacionfotovasca.org\/eu\/wp-json\/wp\/v2\/media?parent=645"}],"wp:term":[{"taxonomy":"category","embeddable":true,"href":"https:\/\/blog.federacionfotovasca.org\/eu\/wp-json\/wp\/v2\/categories?post=645"},{"taxonomy":"post_tag","embeddable":true,"href":"https:\/\/blog.federacionfotovasca.org\/eu\/wp-json\/wp\/v2\/tags?post=645"}],"curies":[{"name":"wp","href":"https:\/\/api.w.org\/{rel}","templated":true}]}}