{"id":646,"date":"2008-02-19T18:31:16","date_gmt":"2008-02-19T18:31:16","guid":{"rendered":"https:\/\/www.federacionfotovasca.org\/?p=646"},"modified":"2008-02-23T20:03:15","modified_gmt":"2008-02-23T20:03:15","slug":"canon-reta-a-los-amantes-de-la-fotografia-en-el-desafio","status":"publish","type":"post","link":"https:\/\/blog.federacionfotovasca.org\/eu\/canon-reta-a-los-amantes-de-la-fotografia-en-el-desafio\/","title":{"rendered":"Canon reta a los amantes de la fotograf\u00eda en El Desaf\u00edo"},"content":{"rendered":"<p align=\"justify\"><strong>Madrid, 18 de febrero de 2007.<\/strong> La pasi\u00f3n por la fotograf\u00eda y por tomar mejores im\u00e1genes es cada vez m\u00e1s patente y por ello, Canon, l\u00edder mundial en tecnolog\u00eda de imagen digital, quiere animar a todos los aficionados a poner a prueba su creatividad en la competici\u00f3n El Desaf\u00edo, en la que participar\u00e1n 18 pa\u00edses europeos. Los usuarios optar\u00e1n a un atractivo premio presentando su mejor trabajo dentro de su categor\u00eda preferida: retrato, paisaje, deportes y macro.<\/p>\n<p align=\"justify\">Todos los aficionados que acepten el desaf\u00edo de Canon pueden registrarse en la competici\u00f3n desde el 18 de febrero, hasta el 17 de marzo a trav\u00e9s del microsite <a href=\"http:\/\/www.canon.es\/eldesafio\">www.canon.es\/eldesafio<\/a>. A continuaci\u00f3n, los amantes de la fotograf\u00eda podr\u00e1n comenzar a competir y subir sus mejores fotograf\u00edas en las cuatro categor\u00edas disponibles en el microsite de \u201cEl Desaf\u00edo\u201d entre 17 de marzo y 1 de mayo. Si no se han registrado en la fase previa, podr\u00e1n hacerlo tambi\u00e9n durante la primera fase del concurso. Durante este periodo, adem\u00e1s los concursantes podr\u00e1n aprovechar hasta cuatro tutoriales online que les ofrecer\u00e1 \u2013 v\u00eda Web- Canon para mejorar su t\u00e9cnica fotogr\u00e1fica.<\/p>\n<p align=\"justify\">Entre todas las fotograf\u00edas que los concursantes suban a \u201cEl Desaf\u00edo\u201d hasta el 1 de mayo se seleccionar\u00e1n, en tres fases diferentes, las mejores tomas por cada categor\u00eda. La primera selecci\u00f3n correr\u00e1 a cargo de todos los usuarios que lo deseen, que entre el 5 y 19 de mayo, juzgar\u00e1n los trabajos de los participantes y votar\u00e1n los diez mejores fot\u00f3grafos por categor\u00eda y pa\u00eds. Los seleccionados ser\u00e1n los trabajos que ser\u00e1n posteriormente valorados por parte de un jurado compuesto por tres expertos del campo de la fotograf\u00eda (del 19 al 25 de mayo). Esta segunda fase de votaci\u00f3n dar\u00e1 como resultado las mejores fotograf\u00edas por cada categor\u00eda y pa\u00eds, convirtiendo a sus autores en semifinalistas que, como premio, recibir\u00e1n un equipo EOS de Canon valorado en 2.000 euros.<\/p>\n<p align=\"justify\">De entre los semifinalistas, el jurado seleccionar\u00e1 a los dos mejores fot\u00f3grafos por categor\u00eda entre todos los pa\u00edses participantes, que competir\u00e1n en la fase final que tendr\u00e1 lugar entre el 22 y el 27 de junio en Viena, coincidiendo con la Euro UEFA 2008, donde tendr\u00e1n la oportunidad de asistir a un partido. Los ganadores absolutos por categor\u00eda ser\u00e1n elegidos por parte de un fot\u00f3grafo profesional, bas\u00e1ndose en aspectos de la imagen como un punto de vista original, las emociones que suscita o la originalidad del tema.<\/p>\n<p align=\"justify\">Los vencedores por categor\u00eda ganar\u00e1n El Desaf\u00edo, un reto fotogr\u00e1fico con un fot\u00f3grafo de renombre que se desarrollar\u00e1 durante el segundo semestre de 2008.<\/p>\n<p>Aqu\u00ed podeis ver las <a href=\"http:\/\/ta.canon-europe.com\/index.php?pg=tc&amp;cc=es&amp;lc=es\" target=\"_blank\">bases completas<\/a>.<\/p>\n","protected":false},"excerpt":{"rendered":"<p>Madrid, 18 de febrero de 2007. La pasi\u00f3n por la fotograf\u00eda y por tomar mejores im\u00e1genes es cada vez m\u00e1s patente y por ello, Canon, l\u00edder mundial en tecnolog\u00eda de imagen digital, quiere animar a todos los aficionados a poner &hellip; <a href=\"https:\/\/blog.federacionfotovasca.org\/eu\/canon-reta-a-los-amantes-de-la-fotografia-en-el-desafio\/\">Continue reading <span class=\"meta-nav\">&rarr;<\/span><\/a><\/p>\n","protected":false},"author":1,"featured_media":0,"comment_status":"open","ping_status":"open","sticky":false,"template":"","format":"standard","meta":{"footnotes":""},"categories":[36],"tags":[52,419,418],"class_list":["post-646","post","type-post","status-publish","format-standard","hentry","category-concursos","tag-canon","tag-concursos","tag-noticias"],"_links":{"self":[{"href":"https:\/\/blog.federacionfotovasca.org\/eu\/wp-json\/wp\/v2\/posts\/646","targetHints":{"allow":["GET"]}}],"collection":[{"href":"https:\/\/blog.federacionfotovasca.org\/eu\/wp-json\/wp\/v2\/posts"}],"about":[{"href":"https:\/\/blog.federacionfotovasca.org\/eu\/wp-json\/wp\/v2\/types\/post"}],"author":[{"embeddable":true,"href":"https:\/\/blog.federacionfotovasca.org\/eu\/wp-json\/wp\/v2\/users\/1"}],"replies":[{"embeddable":true,"href":"https:\/\/blog.federacionfotovasca.org\/eu\/wp-json\/wp\/v2\/comments?post=646"}],"version-history":[{"count":0,"href":"https:\/\/blog.federacionfotovasca.org\/eu\/wp-json\/wp\/v2\/posts\/646\/revisions"}],"wp:attachment":[{"href":"https:\/\/blog.federacionfotovasca.org\/eu\/wp-json\/wp\/v2\/media?parent=646"}],"wp:term":[{"taxonomy":"category","embeddable":true,"href":"https:\/\/blog.federacionfotovasca.org\/eu\/wp-json\/wp\/v2\/categories?post=646"},{"taxonomy":"post_tag","embeddable":true,"href":"https:\/\/blog.federacionfotovasca.org\/eu\/wp-json\/wp\/v2\/tags?post=646"}],"curies":[{"name":"wp","href":"https:\/\/api.w.org\/{rel}","templated":true}]}}