{"id":693,"date":"2008-04-14T17:12:51","date_gmt":"2008-04-14T16:12:51","guid":{"rendered":"https:\/\/www.federacionfotovasca.org\/?p=693"},"modified":"2008-04-14T17:16:48","modified_gmt":"2008-04-14T16:16:48","slug":"engranaje-2008","status":"publish","type":"post","link":"https:\/\/blog.federacionfotovasca.org\/eu\/engranaje-2008\/","title":{"rendered":"enGranaje 2008"},"content":{"rendered":"<p>Hola a todos, amigos de la fotograf\u00eda y del arte en general.<\/p>\n<p>OS INVITAMOS A EL I ENCUENTRO FOTOGR\u00c1FICO enGranaje 2008 que en \u00e9ste su debut cuenta con el tema gen\u00e9rico &#8220;El viaje y la Fotograf\u00eda&#8221;. Puedes participar con tu presencia y disfrutar de las jornadas o bien participando con tu trabajo. <a href=\"http:\/\/www.engranaje08.blogspot.com\/\" target=\"_blank\"><strong>Visita el blog<\/strong><\/a>.<\/p>\n<p><a href=\"https:\/\/www.federacionfotovasca.org\/wp-content\/uploads\/2008\/04\/titulo_blog_72pp.jpg\"><img loading=\"lazy\" decoding=\"async\" class=\"alignnone size-medium wp-image-694\" title=\"titulo_blog_72pp\" src=\"https:\/\/www.federacionfotovasca.org\/wp-content\/uploads\/2008\/04\/titulo_blog_72pp-230x300.jpg\" alt=\"\" width=\"351\" height=\"457\" \/><\/a><\/p>\n<p>Patri D\u00edez<\/p>\n","protected":false},"excerpt":{"rendered":"<p>Hola a todos, amigos de la fotograf\u00eda y del arte en general. OS INVITAMOS A EL I ENCUENTRO FOTOGR\u00c1FICO enGranaje 2008 que en \u00e9ste su debut cuenta con el tema gen\u00e9rico &#8220;El viaje y la Fotograf\u00eda&#8221;. Puedes participar con tu &hellip; <a href=\"https:\/\/blog.federacionfotovasca.org\/eu\/engranaje-2008\/\">Continue reading <span class=\"meta-nav\">&rarr;<\/span><\/a><\/p>\n","protected":false},"author":1,"featured_media":0,"comment_status":"open","ping_status":"open","sticky":false,"template":"","format":"standard","meta":{"footnotes":""},"categories":[26],"tags":[4,29],"class_list":["post-693","post","type-post","status-publish","format-standard","hentry","category-expocisiones","tag-exposiciones","tag-taller"],"_links":{"self":[{"href":"https:\/\/blog.federacionfotovasca.org\/eu\/wp-json\/wp\/v2\/posts\/693","targetHints":{"allow":["GET"]}}],"collection":[{"href":"https:\/\/blog.federacionfotovasca.org\/eu\/wp-json\/wp\/v2\/posts"}],"about":[{"href":"https:\/\/blog.federacionfotovasca.org\/eu\/wp-json\/wp\/v2\/types\/post"}],"author":[{"embeddable":true,"href":"https:\/\/blog.federacionfotovasca.org\/eu\/wp-json\/wp\/v2\/users\/1"}],"replies":[{"embeddable":true,"href":"https:\/\/blog.federacionfotovasca.org\/eu\/wp-json\/wp\/v2\/comments?post=693"}],"version-history":[{"count":0,"href":"https:\/\/blog.federacionfotovasca.org\/eu\/wp-json\/wp\/v2\/posts\/693\/revisions"}],"wp:attachment":[{"href":"https:\/\/blog.federacionfotovasca.org\/eu\/wp-json\/wp\/v2\/media?parent=693"}],"wp:term":[{"taxonomy":"category","embeddable":true,"href":"https:\/\/blog.federacionfotovasca.org\/eu\/wp-json\/wp\/v2\/categories?post=693"},{"taxonomy":"post_tag","embeddable":true,"href":"https:\/\/blog.federacionfotovasca.org\/eu\/wp-json\/wp\/v2\/tags?post=693"}],"curies":[{"name":"wp","href":"https:\/\/api.w.org\/{rel}","templated":true}]}}