{"id":695,"date":"2008-04-14T17:50:06","date_gmt":"2008-04-14T16:50:06","guid":{"rendered":"https:\/\/www.federacionfotovasca.org\/?p=695"},"modified":"2008-04-14T17:50:59","modified_gmt":"2008-04-14T16:50:59","slug":"blanca-berlin-una-fotografa-metida-a-galerista","status":"publish","type":"post","link":"https:\/\/blog.federacionfotovasca.org\/eu\/blanca-berlin-una-fotografa-metida-a-galerista\/","title":{"rendered":"Blanca Berl\u00edn, una fot\u00f3grafa metida a galerista"},"content":{"rendered":"<p style=\"text-align: justify;\">A\u00fan no hace un a\u00f1o que <a href=\"http:\/\/www.blancaberlingaleria.com\/\">Blanca Berl\u00edn<\/a>, soci\u00f3loga de formaci\u00f3n y fot\u00f3grafa de profesi\u00f3n, decidi\u00f3 abrir su galer\u00eda hom\u00f3nima, especializada en fotograf\u00eda, en las proximidades del Centro Cultural Conde Duque, hecho que ocurri\u00f3 en mayo \u00faltimo, sum\u00e1ndose as\u00ed al reducido n\u00facleo de galer\u00edas madrile\u00f1as que s\u00f3lo programan fotograf\u00eda. &#8220;No pod\u00eda imaginar el \u00e9xito, pero he vendido desde la primera exposici\u00f3n&#8221;, se\u00f1ala Blanca que recuerda c\u00f3mo, desde el inicio, ha podido contar con algunos de los mejores fot\u00f3grafos del pa\u00eds, empezando por el consagrado Ram\u00f3n Masats.<span style=\"font-family: arial,helvetica,sans-serif; font-size: x-small;\"> <\/span><img loading=\"lazy\" decoding=\"async\" class=\"alignright\" style=\"float: right;\" src=\"http:\/\/www.arteinformado.com\/documentos\/16968\/16968.jpg\" alt=\"\" width=\"170\" height=\"174\" \/><\/p>\n<p style=\"text-align: justify;\">En estos meses, durante los que ha realizado ocho exposiciones, ha expuesto tambi\u00e9n a artistas internacionales como el estadounidense Brad Temkin, que registr\u00f3 menos aceptaci\u00f3n, porque -se lamenta Blanca- &#8220;en fotograf\u00eda suelen comprarse nombres consagrados y locales&#8221;, consecuencia de un mercado, el de la fotograf\u00eda, todav\u00eda muy incipiente en Espa\u00f1a, pese al impulso que ha recibido tras la creaci\u00f3n de PhotoEspa\u00f1a y la existencia de ARCO. Blanca intentar\u00e1, pues, acudir a ARCO a partir del a\u00f1o pr\u00f3ximo, mientras solicitar\u00e1 tambi\u00e9n su inclusi\u00f3n en otras ferias internacionales como Balelatina, Par\u00eds Photo y quiz\u00e1s Photo San Francisco, a trav\u00e9s de las que espera atraer el inter\u00e9s institucional, pues -reconoce- &#8220;no se puede vivir s\u00f3lo del coleccionismo privado&#8221;. Y eso que Blanca se\u00f1ala que en su galer\u00eda se han iniciado ya nuevos coleccionistas, que compraron, y repitieron, tras descubrir la fotograf\u00eda como arte.<\/p>\n<p style=\"text-align: justify;\">Pero Blanca, ahora galerista, ha sido fot\u00f3grafa profesional desde que, en 1986, decidi\u00f3 abandonar el prometedor equipo urban\u00edstico del profesor Mario Gavir\u00eda, para dedicarse a su pasi\u00f3n, la fotograf\u00eda, una t\u00e9cnica que aprendi\u00f3 acad\u00e9micamente en el Holborn Institute of Arts de Londres y en el Ealing Technical College y, en la pr\u00e1ctica, a lo largo de los 15 a\u00f1os que ha dedicado a recorrer medio mundo, trabajando para periodicos y revistas nacionales e internacionales. Una pasi\u00f3n que ahora, y robando tiempo a su nueva actividad como galerista, quiere retomar desde &#8220;proyectos m\u00e1s personales&#8221;. Todo ello mientras ampl\u00eda su lista de fot\u00f3grafos en exposici\u00f3n a nombres reconocidos como Ouka Leele, Carlos P\u00e9rez Siquier y Ricky D\u00e1vila -que expondr\u00e1n pr\u00f3ximamente en la galer\u00eda-, y estudia la incorporaci\u00f3n de artistas noveles.<\/p>\n<p style=\"text-align: justify;\">(Fuente Amelie Hernando &#8211; <a href=\"http:\/\/www.arteinformado.com\/servlet\/GestionPresentaPub?operacion=detNotGoogle&amp;codNoticia=00000812\" target=\"_blank\">ARTEINFORMADO <\/a>)<span style=\"font-family: arial,helvetica,sans-serif; font-size: x-small;\"><br \/>\n<\/span><\/p>\n","protected":false},"excerpt":{"rendered":"<p>A\u00fan no hace un a\u00f1o que Blanca Berl\u00edn, soci\u00f3loga de formaci\u00f3n y fot\u00f3grafa de profesi\u00f3n, decidi\u00f3 abrir su galer\u00eda hom\u00f3nima, especializada en fotograf\u00eda, en las proximidades del Centro Cultural Conde Duque, hecho que ocurri\u00f3 en mayo \u00faltimo, sum\u00e1ndose as\u00ed al &hellip; <a href=\"https:\/\/blog.federacionfotovasca.org\/eu\/blanca-berlin-una-fotografa-metida-a-galerista\/\">Continue reading <span class=\"meta-nav\">&rarr;<\/span><\/a><\/p>\n","protected":false},"author":1,"featured_media":0,"comment_status":"open","ping_status":"open","sticky":false,"template":"","format":"standard","meta":{"footnotes":""},"categories":[26],"tags":[4],"class_list":["post-695","post","type-post","status-publish","format-standard","hentry","category-expocisiones","tag-exposiciones"],"_links":{"self":[{"href":"https:\/\/blog.federacionfotovasca.org\/eu\/wp-json\/wp\/v2\/posts\/695","targetHints":{"allow":["GET"]}}],"collection":[{"href":"https:\/\/blog.federacionfotovasca.org\/eu\/wp-json\/wp\/v2\/posts"}],"about":[{"href":"https:\/\/blog.federacionfotovasca.org\/eu\/wp-json\/wp\/v2\/types\/post"}],"author":[{"embeddable":true,"href":"https:\/\/blog.federacionfotovasca.org\/eu\/wp-json\/wp\/v2\/users\/1"}],"replies":[{"embeddable":true,"href":"https:\/\/blog.federacionfotovasca.org\/eu\/wp-json\/wp\/v2\/comments?post=695"}],"version-history":[{"count":0,"href":"https:\/\/blog.federacionfotovasca.org\/eu\/wp-json\/wp\/v2\/posts\/695\/revisions"}],"wp:attachment":[{"href":"https:\/\/blog.federacionfotovasca.org\/eu\/wp-json\/wp\/v2\/media?parent=695"}],"wp:term":[{"taxonomy":"category","embeddable":true,"href":"https:\/\/blog.federacionfotovasca.org\/eu\/wp-json\/wp\/v2\/categories?post=695"},{"taxonomy":"post_tag","embeddable":true,"href":"https:\/\/blog.federacionfotovasca.org\/eu\/wp-json\/wp\/v2\/tags?post=695"}],"curies":[{"name":"wp","href":"https:\/\/api.w.org\/{rel}","templated":true}]}}