{"id":725,"date":"2008-06-15T11:01:33","date_gmt":"2008-06-15T10:01:33","guid":{"rendered":"https:\/\/www.federacionfotovasca.org\/?p=725"},"modified":"2008-06-15T11:01:33","modified_gmt":"2008-06-15T10:01:33","slug":"nueva-exposicion-de-fotografia-en-la-fnac-de-donostia","status":"publish","type":"post","link":"https:\/\/blog.federacionfotovasca.org\/eu\/nueva-exposicion-de-fotografia-en-la-fnac-de-donostia\/","title":{"rendered":"Nueva exposici\u00f3n de Fotograf\u00eda en la Fnac de Donostia"},"content":{"rendered":"<p style=\"text-align: left;\"><strong><em><span style=\"font-family: Verdana; color: #333333; font-size: small;\"><span style=\"font-size: 12pt; font-family: Verdana; color: #333333; font-weight: bold; font-style: italic;\">Estar\u00e1 expuesta hasta el 15 de julio<\/span><\/span><\/em><\/strong><\/p>\n<p style=\"text-align: left;\"><strong><span style=\"font-family: Verdana; color: #333333; font-size: medium;\"><span style=\"font-size: 14pt; font-family: Verdana; color: #333333; font-weight: bold;\">La Fnac de Donostia expone &#8216;La caza del lobo congelado&#8217;, una muestra de fotograf\u00edas de Ricardo Cases<\/span><\/span><\/strong><\/p>\n<p style=\"text-align: left;\"><strong><span style=\"font-family: Verdana; color: #333333; font-size: small;\"><span style=\"font-size: 12pt; font-family: Verdana; color: #333333; font-weight: bold;\">La exposici\u00f3n fue ganadora del Nuevo Talento Fnac de Fotograf\u00eda en 2007<\/span><\/span><\/strong><\/p>\n<p style=\"text-align: left;\"><img loading=\"lazy\" decoding=\"async\" src=\"\/archivos\/CartelCases.jpg\" alt=\"\" width=\"362\" height=\"172\" \/><\/p>\n<p style=\"text-align: justify;\"><strong><span style=\"font-family: Verdana; color: #333333; font-size: x-small;\"><span style=\"font-size: 10pt; font-family: Verdana; color: #333333; font-weight: bold;\">Treinta im\u00e1genes acompa\u00f1adas de una mirada neutral y la fortuna del cazador. Las fotograf\u00edas de Ricardo Cases forman un trabajo contempor\u00e1neo, joven, fresco y con mucha fuerza, que le han valido ser el Nuevo Talento Fnac de Fotograf\u00eda 2007. Una manera po\u00e9tica y brutal de retratar la eterna lucha del hombre contra la naturaleza.<\/span><\/span><\/strong><\/p>\n<p style=\"text-align: justify;\"><span style=\"font-family: Verdana; color: #333333; font-size: x-small;\"><span style=\"font-size: 10pt; font-family: Verdana; color: #333333;\">Contin\u00faa el Nuevo Talento Fnac de Fotograf\u00eda dando muy gratas sorpresas. Despu\u00e9s de unos a\u00f1os en que ha presentado en sus galer\u00edas fotogr\u00e1ficas a figuras emergentes del panorama espa\u00f1ol como <strong><span style=\"font-weight: bold;\">Leila M\u00e9ndez<\/span><\/strong>, <strong><span style=\"font-weight: bold;\">Carlos Luj\u00e1n<\/span><\/strong> o\u00a0<strong><span style=\"font-weight: bold;\">Albert Corb\u00ed<\/span><\/strong>, con <strong><span style=\"font-weight: bold;\">Ricardo Cases<\/span><\/strong> la buena salud del galard\u00f3n contin\u00faa.<strong><\/strong><\/span><\/span><\/p>\n<p style=\"text-align: justify;\"><span style=\"font-family: Verdana; color: #333333; font-size: x-small;\"><span style=\"font-size: 10pt; font-family: Verdana; color: #333333;\">Un jurado formado por <strong><span style=\"font-weight: bold;\">Ricky D\u00e1vila<\/span><\/strong>, <strong><span style=\"font-weight: bold;\">Santos Cirilo<\/span><\/strong>, <strong><span style=\"font-weight: bold;\">Aitor Ortiz<\/span><\/strong> y <strong><span style=\"font-weight: bold;\">Mikel Aristregi<\/span><\/strong> (ganador del a\u00f1o 2006), fall\u00f3 en Bilbao, entre casi 200 trabajos presentados a la edici\u00f3n de 2007, que <strong><span style=\"font-weight: bold;\">&#8216;La caza del lobo congelado&#8217;<\/span><\/strong> merec\u00eda el reconocimiento de ser exhibido. Una decisi\u00f3n valiente si se tiene en cuenta que las im\u00e1genes de Cases apuntan a un tema tan pol\u00e9mico como la caza y se mueven entre el l\u00edmite de una violencia sangrienta que a unos les puede resultar po\u00e9tica y a otros repulsiva.<\/span><\/span><\/p>\n<p style=\"text-align: justify;\"><span style=\"font-family: Verdana; color: #333333; font-size: x-small;\"><span style=\"font-size: 10pt; font-family: Verdana; color: #333333;\">En cualquier caso, las casi treinta instant\u00e1neas que componen esta incursi\u00f3n en un mundo en principio hostil a las bondades del objetivo son lo bastante contundentes como para que a ning\u00fan jurado\u00a0ni espectador le pasen desapercibidas. A veces la fotograf\u00eda habita esa zona de dudosa moralidad pero de absoluta inocencia. <\/span><\/span><\/p>\n<p style=\"text-align: justify;\"><span style=\"font-family: Verdana; color: #333333; font-size: x-small;\"><span style=\"font-size: 10pt; font-family: Verdana; color: #333333;\">Fogonazos de realidad se entrecruzan en una naturaleza gr\u00e1cil en la que los hombres armados aparecen como una figura de verdaderos profanadores. \u00bfD\u00f3nde est\u00e1 el placer? \u00bfQui\u00e9n puede presumir de dar muerte a ciervos y rebecos? \u00bfPor qu\u00e9 el ritual de la cacer\u00eda?<\/span><\/span><\/p>\n<p style=\"text-align: justify;\"><span style=\"font-family: Verdana; color: #333333; font-size: x-small;\"><span style=\"font-size: 10pt; font-family: Verdana; color: #333333;\">Quiz\u00e1s nunca pongamos de acuerdo a los partidarios y enemigos de la caza, pero s\u00ed podemos argumentar que Cases narra con el neutralismo de un conflicto b\u00e9lico hechos que ocurren normalmente en cualquier partida privada en la que hombres, escopetas, perros y presas se dan cita en un rito inmemorial al que un coro de disidentes considera anterior a toda la  civilizaci\u00f3n. En este territorio antropol\u00f3gico de bestias aparece el ojo del fot\u00f3grafo para agigantar el eco de todo lo que all\u00ed ocurre. Y lo que parece una paradoja: seres pac\u00edficos, ciudadanos respetables se convierten en asesinos. <\/span><\/span><\/p>\n<p style=\"text-align: justify;\"><span style=\"font-family: Verdana; color: #333333; font-size: x-small;\"><span style=\"font-size: 10pt; font-family: Verdana; color: #333333;\">Cases ha tenido la fortuna del cazador: encuentra un fil\u00f3n en este escenario y lo lleva entre los dientes hasta quedar exhausto de la persecuci\u00f3n. En sus disparos, nunca mejor dicho, hay siempre un fogonazo de evidencia y otro de crueldad. Est\u00e1 tan cerca del acto que mancha nuestras manos de sangre, aunque con tanta capacidad e iron\u00eda que nos sumerge otras veces en un buc\u00f3lico paisaje campestre de cornamentas encima de la chimenea y chuletas a la parrilla.<\/span><\/span><\/p>\n<p style=\"text-align: justify;\"><span style=\"font-family: Verdana; color: #333333; font-size: x-small;\"><span style=\"font-size: 10pt; font-family: Verdana; color: #333333;\">Sus fotos no son para est\u00f3magos delicados: presentan el apasionante pulso de un cazador que busca en medio de la jaur\u00eda el tesoro de esas im\u00e1genes, la misma emoci\u00f3n que muchos experimentados retratistas literarios de tales escenas como <strong><span style=\"font-weight: bold;\">Miguel Delibes<\/span><\/strong>, <strong><span style=\"font-weight: bold;\">Guillermo Arriaga<\/span><\/strong> o <strong><span style=\"font-weight: bold;\">Jos\u00e9 Mar\u00eda<\/span><\/strong><strong><span style=\"font-weight: bold;\"> Castroviejo<\/span><\/strong> han contado a trav\u00e9s de sus p\u00e1ginas.<\/span><\/span><\/p>\n<p style=\"text-align: justify;\"><span style=\"font-family: Verdana; color: #333333; font-size: x-small;\"><span style=\"font-size: 10pt; font-family: Verdana; color: #333333;\">Podemos estar con el \u00e1nimo cazador o permanecer refugiados en la cueva escuchando de lejos el fragor de las postas. En cualquier caso, las im\u00e1genes de este Nuevo Talento 2007 no dejan indiferentes. Est\u00e1n ah\u00ed al acecho, con todo su olor a carne salvaje. Tal vez con la premonici\u00f3n de un sacrificio. <\/span><\/span><\/p>\n<p style=\"text-align: justify;\"><span style=\"font-family: Verdana; color: #333333; font-size: x-small;\"><span style=\"font-size: 10pt; font-family: Verdana; color: #333333;\">Para m\u00e1s informaci\u00f3n, visitar el siguiente especial en la web,<\/span><\/span><\/p>\n<p style=\"text-align: justify;\"><span style=\"font-family: Verdana; color: #333333; font-size: x-small;\"><span style=\"font-size: 10pt; font-family: Verdana; color: #333333;\"><a href=\"http:\/\/www.clubcultura.com\/especiales\/especial.php?esp_id=589\" target=\"_blank\">http:\/\/www.clubcultura.com\/especiales\/especial.php?esp_id=589<\/a><\/span><\/span><\/p>\n","protected":false},"excerpt":{"rendered":"<p>Estar\u00e1 expuesta hasta el 15 de julio La Fnac de Donostia expone &#8216;La caza del lobo congelado&#8217;, una muestra de fotograf\u00edas de Ricardo Cases La exposici\u00f3n fue ganadora del Nuevo Talento Fnac de Fotograf\u00eda en 2007 Treinta im\u00e1genes acompa\u00f1adas de &hellip; <a href=\"https:\/\/blog.federacionfotovasca.org\/eu\/nueva-exposicion-de-fotografia-en-la-fnac-de-donostia\/\">Continue reading <span class=\"meta-nav\">&rarr;<\/span><\/a><\/p>\n","protected":false},"author":1,"featured_media":0,"comment_status":"open","ping_status":"open","sticky":false,"template":"","format":"standard","meta":{"footnotes":""},"categories":[26],"tags":[4],"class_list":["post-725","post","type-post","status-publish","format-standard","hentry","category-expocisiones","tag-exposiciones"],"_links":{"self":[{"href":"https:\/\/blog.federacionfotovasca.org\/eu\/wp-json\/wp\/v2\/posts\/725","targetHints":{"allow":["GET"]}}],"collection":[{"href":"https:\/\/blog.federacionfotovasca.org\/eu\/wp-json\/wp\/v2\/posts"}],"about":[{"href":"https:\/\/blog.federacionfotovasca.org\/eu\/wp-json\/wp\/v2\/types\/post"}],"author":[{"embeddable":true,"href":"https:\/\/blog.federacionfotovasca.org\/eu\/wp-json\/wp\/v2\/users\/1"}],"replies":[{"embeddable":true,"href":"https:\/\/blog.federacionfotovasca.org\/eu\/wp-json\/wp\/v2\/comments?post=725"}],"version-history":[{"count":0,"href":"https:\/\/blog.federacionfotovasca.org\/eu\/wp-json\/wp\/v2\/posts\/725\/revisions"}],"wp:attachment":[{"href":"https:\/\/blog.federacionfotovasca.org\/eu\/wp-json\/wp\/v2\/media?parent=725"}],"wp:term":[{"taxonomy":"category","embeddable":true,"href":"https:\/\/blog.federacionfotovasca.org\/eu\/wp-json\/wp\/v2\/categories?post=725"},{"taxonomy":"post_tag","embeddable":true,"href":"https:\/\/blog.federacionfotovasca.org\/eu\/wp-json\/wp\/v2\/tags?post=725"}],"curies":[{"name":"wp","href":"https:\/\/api.w.org\/{rel}","templated":true}]}}