{"id":728,"date":"2008-06-15T11:57:30","date_gmt":"2008-06-15T10:57:30","guid":{"rendered":"https:\/\/www.federacionfotovasca.org\/?p=728"},"modified":"2008-06-15T12:00:57","modified_gmt":"2008-06-15T11:00:57","slug":"recordatorio-bases-concursos-cef","status":"publish","type":"post","link":"https:\/\/blog.federacionfotovasca.org\/eu\/recordatorio-bases-concursos-cef\/","title":{"rendered":"Recordatorio Bases concursos CEF"},"content":{"rendered":"<p>Estimados amigos:<\/p>\n<p>Os recuerdo que este mes finaliza el plazo para participar en el <a href=\"\/archivos\/VII_CERTAMEN_FOTOGRAFICO_DE_LA_CEF.pdf\" target=\"_blank\">Certamen de Naturaleza de la  CEF<\/a>. Es para elegir las fotos que nos representar\u00e1n el la  Bienal FIAP de Naturaleza que este a\u00f1o tendr\u00e1 lugar en Palma de Mallorca. \u00a1No podemos hacer mal papel!<\/p>\n<p>As\u00ed que, por favor, espero vuestras obras y las de vuestros amigos.<\/p>\n<p>Aprovecho para adjuntar las bases de nuestro <a href=\"\/archivos\/BasesMallorca.pdf\" target=\"_blank\">Internacional X Mallorca 2008<\/a> con el mismo ruego. Este tiene plazo hasta fin de Agosto.<\/p>\n<p>Un abrazo y \u00a1no me fall\u00e9is!  Es importante para la Fotograf\u00eda Espa\u00f1ola.<\/p>\n<p>Juan Palmer<\/p>\n","protected":false},"excerpt":{"rendered":"<p>Estimados amigos: Os recuerdo que este mes finaliza el plazo para participar en el Certamen de Naturaleza de la CEF. Es para elegir las fotos que nos representar\u00e1n el la Bienal FIAP de Naturaleza que este a\u00f1o tendr\u00e1 lugar en &hellip; <a href=\"https:\/\/blog.federacionfotovasca.org\/eu\/recordatorio-bases-concursos-cef\/\">Continue reading <span class=\"meta-nav\">&rarr;<\/span><\/a><\/p>\n","protected":false},"author":1,"featured_media":0,"comment_status":"open","ping_status":"open","sticky":false,"template":"","format":"standard","meta":{"footnotes":""},"categories":[36,9],"tags":[419],"class_list":["post-728","post","type-post","status-publish","format-standard","hentry","category-concursos","category-federacion","tag-concursos"],"_links":{"self":[{"href":"https:\/\/blog.federacionfotovasca.org\/eu\/wp-json\/wp\/v2\/posts\/728","targetHints":{"allow":["GET"]}}],"collection":[{"href":"https:\/\/blog.federacionfotovasca.org\/eu\/wp-json\/wp\/v2\/posts"}],"about":[{"href":"https:\/\/blog.federacionfotovasca.org\/eu\/wp-json\/wp\/v2\/types\/post"}],"author":[{"embeddable":true,"href":"https:\/\/blog.federacionfotovasca.org\/eu\/wp-json\/wp\/v2\/users\/1"}],"replies":[{"embeddable":true,"href":"https:\/\/blog.federacionfotovasca.org\/eu\/wp-json\/wp\/v2\/comments?post=728"}],"version-history":[{"count":0,"href":"https:\/\/blog.federacionfotovasca.org\/eu\/wp-json\/wp\/v2\/posts\/728\/revisions"}],"wp:attachment":[{"href":"https:\/\/blog.federacionfotovasca.org\/eu\/wp-json\/wp\/v2\/media?parent=728"}],"wp:term":[{"taxonomy":"category","embeddable":true,"href":"https:\/\/blog.federacionfotovasca.org\/eu\/wp-json\/wp\/v2\/categories?post=728"},{"taxonomy":"post_tag","embeddable":true,"href":"https:\/\/blog.federacionfotovasca.org\/eu\/wp-json\/wp\/v2\/tags?post=728"}],"curies":[{"name":"wp","href":"https:\/\/api.w.org\/{rel}","templated":true}]}}