{"id":759,"date":"2008-08-28T11:41:17","date_gmt":"2008-08-28T10:41:17","guid":{"rendered":"https:\/\/www.federacionfotovasca.org\/?p=759"},"modified":"2008-08-28T11:59:14","modified_gmt":"2008-08-28T10:59:14","slug":"alec-soth-el-espacio-entre-nosotros","status":"publish","type":"post","link":"https:\/\/blog.federacionfotovasca.org\/eu\/alec-soth-el-espacio-entre-nosotros\/","title":{"rendered":"Alec Soth. &#8220;El espacio entre nosotros&#8221;"},"content":{"rendered":"<p style=\"text-align: justify;\">Aula de Cultura bbk, Elcano 20, Bilbao, del 18 de agosto al 8 de octubre de 2008.<\/p>\n<p style=\"text-align: justify;\"><img loading=\"lazy\" decoding=\"async\" class=\"alignleft\" style=\"margin: 10px;\" title=\"Alec Soth\" src=\"https:\/\/portal.bbk.es\/servlet\/jsp\/imagen.jsp?hizkuntza=_cast&amp;idImagen=1213869624525\" alt=\"\" width=\"121\" height=\"150\" \/><\/p>\n<p style=\"text-align: justify;\">Alec Soth, nacido en 1969 en Minneapolis, quer\u00eda ser pintor. Su inter\u00e9s por el Land Art termin\u00f3 por llevarle a la fotograf\u00eda. Alec Soth est\u00e1 realmente comprometido en el desarrollo de una relectura de la tradici\u00f3n de la fotograf\u00eda americana de paisaje. Sus series son siempre fruto de largas estancias en la zona, lo que le permite familiarizarse con la atm\u00f3sfera de \u00e9sta y ofrecer su visi\u00f3n personal.<\/p>\n<p style=\"text-align: justify;\">\n<p style=\"text-align: justify;\">Soth habla de su trabajo en t\u00e9rminos de investigaci\u00f3n po\u00e9tica, e incide en la importancia de estos viajes guiado por &#8220;la libertad y algunas coincidencia afortunadas&#8221;. La referencia impl\u00edcita en ellas son las road movies. Aunque normalmente utiliza la c\u00e1mara de placas, con pel\u00edcula de formato 20&#215;25 cm. sus fotograf\u00edas, a menudo frontales tienen una relativa falta de espectacularidad. Normalmente combinan contextos o entornos banales con figuras singulares o extra\u00f1os detalles. Los paisajes se alternan con retratos de personas en su mundo privado. Son figuras familiares que, sin embargo parecen haber surgido de ninguna parte, como si ofrecieran una forma de vulnerabilidad a la lente.<br \/>\nEl t\u00edtulo de la exposici\u00f3n &#8220;El espacio entre nosotros&#8221; describe esta relaci\u00f3n cambiante entre la gente y el entorno en al que tratan de pertenecer y en el que dejar su marca. Este &#8220;espacio entre&#8221; es lo que Soth define como el espacio de la fotograf\u00eda: &#8220;a menudo digo que cuando hago un retrato no capturo al otro. Si la fotograf\u00eda representa algo es el espacio entre el sujeto y yo&#8221;.<\/p>\n<p style=\"text-align: justify;\">La exposici\u00f3n se compone de las siguientes series:<\/p>\n<p style=\"text-align: justify;\">* Sleeping by the Mississipi realizada entre 1999 y 2002<br \/>\n* Dog days, Bogot\u00e1 en 2003<br \/>\n* Niagara realizada entre 2004 y 2005<br \/>\n* Im\u00e1genes realizadas para ilustrar el n\u00famero de Fashion Magazine de enero-marzo de 2007.<\/p>\n<p style=\"text-align: justify;\">exposici\u00f3n: &#8220;El espacio entre nosotros&#8221;<br \/>\nautor: Alec Soth<br \/>\ng\u00e9nero: fotograf\u00eda<br \/>\nduraci\u00f3n: del 18 de agosto al 8 de octubre<br \/>\nlugar: Aula de cultura de bbk, Elcano 20, Bilbao<br \/>\nhorario: de lunes a s\u00e1bados: 10:00 a 13:30 y 17:00 a 21:00<br \/>\ns\u00e1bados,domingos y festivos: cerrado<\/p>\n<p style=\"text-align: justify;\">(Fuente: <a href=\"https:\/\/portal.bbk.es\/servlet\/Satellite?pagename=Negocio_Ext\/GenericoPI\/GenericoPITemplateExt&amp;c=GenericoPI&amp;cid=1214304305357&amp;localizador=%231158929044991%231159820947516%231159820947556&amp;hizkuntza=_cast&amp;idVolver=1159820947556&amp;tipoVolver=Page\" target=\"_blank\">bbk.es<\/a>)<\/p>\n","protected":false},"excerpt":{"rendered":"<p>Aula de Cultura bbk, Elcano 20, Bilbao, del 18 de agosto al 8 de octubre de 2008. Alec Soth, nacido en 1969 en Minneapolis, quer\u00eda ser pintor. Su inter\u00e9s por el Land Art termin\u00f3 por llevarle a la fotograf\u00eda. Alec &hellip; <a href=\"https:\/\/blog.federacionfotovasca.org\/eu\/alec-soth-el-espacio-entre-nosotros\/\">Continue reading <span class=\"meta-nav\">&rarr;<\/span><\/a><\/p>\n","protected":false},"author":1,"featured_media":0,"comment_status":"open","ping_status":"open","sticky":false,"template":"","format":"standard","meta":{"footnotes":""},"categories":[26],"tags":[41,4],"class_list":["post-759","post","type-post","status-publish","format-standard","hentry","category-expocisiones","tag-bilbao","tag-exposiciones"],"_links":{"self":[{"href":"https:\/\/blog.federacionfotovasca.org\/eu\/wp-json\/wp\/v2\/posts\/759","targetHints":{"allow":["GET"]}}],"collection":[{"href":"https:\/\/blog.federacionfotovasca.org\/eu\/wp-json\/wp\/v2\/posts"}],"about":[{"href":"https:\/\/blog.federacionfotovasca.org\/eu\/wp-json\/wp\/v2\/types\/post"}],"author":[{"embeddable":true,"href":"https:\/\/blog.federacionfotovasca.org\/eu\/wp-json\/wp\/v2\/users\/1"}],"replies":[{"embeddable":true,"href":"https:\/\/blog.federacionfotovasca.org\/eu\/wp-json\/wp\/v2\/comments?post=759"}],"version-history":[{"count":1,"href":"https:\/\/blog.federacionfotovasca.org\/eu\/wp-json\/wp\/v2\/posts\/759\/revisions"}],"predecessor-version":[{"id":763,"href":"https:\/\/blog.federacionfotovasca.org\/eu\/wp-json\/wp\/v2\/posts\/759\/revisions\/763"}],"wp:attachment":[{"href":"https:\/\/blog.federacionfotovasca.org\/eu\/wp-json\/wp\/v2\/media?parent=759"}],"wp:term":[{"taxonomy":"category","embeddable":true,"href":"https:\/\/blog.federacionfotovasca.org\/eu\/wp-json\/wp\/v2\/categories?post=759"},{"taxonomy":"post_tag","embeddable":true,"href":"https:\/\/blog.federacionfotovasca.org\/eu\/wp-json\/wp\/v2\/tags?post=759"}],"curies":[{"name":"wp","href":"https:\/\/api.w.org\/{rel}","templated":true}]}}