{"id":7764,"date":"2014-11-23T11:54:32","date_gmt":"2014-11-23T10:54:32","guid":{"rendered":"https:\/\/www.federacionfotovasca.org\/?p=7764"},"modified":"2014-11-23T11:55:36","modified_gmt":"2014-11-23T10:55:36","slug":"curso-intensivo-de-iniciacion-a-photoshop-13-y-14-de-diciembre-sfa","status":"publish","type":"post","link":"https:\/\/blog.federacionfotovasca.org\/eu\/curso-intensivo-de-iniciacion-a-photoshop-13-y-14-de-diciembre-sfa\/","title":{"rendered":"Curso Intensivo de &#8220;Iniciaci\u00f3n a Photoshop&#8221;, 13 y 14 de diciembre &#8211; SFA"},"content":{"rendered":"<p><span style=\"color: #999999;\">En este curso, apto para\u00a0aquellos que hayan realizado alg\u00fan curso de iniciaci\u00f3n\u00a0a la fotograf\u00eda digital\u00a0<span style=\"font-family: 'Lucida Sans Unicode', 'Lucida Grande', Garuda, sans-serif, Arial, Helvetica, Garuda, sans-serif;\">\u00a0y deseen ampliar y seguir adelante,\u00a0aprender\u00e1s\u00a0las nociones b\u00e1sicas del retoque fotogr\u00e1fico, a\u00a0<\/span>trabajar\u00a0con archivos RAW, a crearte un flujo de trabajo.<\/span><\/p>\n<p><span style=\"color: #999999;\">No lo dejes pasar. Si quieres manejarte con soltura y retocar tus fotograf\u00edas a tu antojo bajo unos\u00a0par\u00e1metros b\u00e1sicos este es tu curso.<\/span><\/p>\n<p><span style=\"color: #999999;\"><a style=\"color: #999999;\" href=\"https:\/\/www.federacionfotovasca.org\/wp-content\/uploads\/2014\/11\/unnamed5.jpg\" target=\"_blank\"><img loading=\"lazy\" decoding=\"async\" class=\"wp-image-7765 alignright\" src=\"https:\/\/www.federacionfotovasca.org\/wp-content\/uploads\/2014\/11\/unnamed5-940x559.jpg\" alt=\"unnamed\" width=\"348\" height=\"207\" \/><\/a><\/span><\/p>\n<p><span style=\"color: #999999;\">\u00a0<\/span><\/p>\n<p><span style=\"color: #999999;\"><b><i>Temario:<\/i><\/b><i>\u00a0<\/i><i>La\u00a0imagen digital, software,\u00a0herramientas b\u00e1sicas, digitalizaci\u00f3n (captura de imagenes), descarga\u00a0y almacenamiento, resoluci\u00f3n y cambios de tama\u00f1o, retoque digital, trabajar\u00a0en RAW, retoque creativo.<\/i><\/span><\/p>\n<p><span style=\"color: #999999;\"><b><i>Duraci\u00f3n y horario<\/i><\/b>: 13 y 14 de diciembre de 10:00 a 14:00 y de 16:00 a 20:00<\/span><\/p>\n<p><span style=\"color: #999999;\"><b><i>Material necesario<\/i><\/b>: Se debe traer ordenador portatil\u00a0y c\u00e1mara reflex<\/span><\/p>\n<p><span style=\"color: #999999;\"><b><i>Precio:<\/i><\/b>\u00a060\u20ac Socios\/ 90\u20ac No socios<\/span><\/p>\n<p><span style=\"color: #999999;\"><b><i>Inscripci\u00f3n:<\/i><\/b>\u00a0Para inscribirse en el curso, se rellenar\u00e1 la ficha de inscripci\u00f3n\u00a0 y se ingresar\u00e1 en la cuenta\u00a0<b>2095 3160 19<\/b><b>\u00a0<\/b><b>1090206813<\/b><b>\u00a0<\/b>de Caja Vital Kutxa el importe de la matr\u00edcula. Dicha\u00a0<b>ficha y el justificante de ingreso<\/b>\u00a0se remitir\u00e1n por mail a\u00a0<a style=\"color: #999999;\" href=\"mailto:sociedadfotografica@gmail.com\" target=\"_blank\">sociedadfotografica@gmail.<wbr \/>com<\/a>. Las plazas se cubrir\u00e1n por riguroso orden de recepci\u00f3n.<\/span><\/p>\n<p><span style=\"color: #999999;\">En el apartado \u201cCONCEPTO\u201d de dicho justificante, deber\u00e1 figurara\u00a0<b>obligatoriamente<\/b>\u00a0una\u00a0<b><wbr \/>referencia al curso<\/b>\u00a0al cual se v a acudir, as\u00ed como\u00a0<b>nombre<\/b><b>\u00a0y apellidos<\/b>\u00a0de la persona que asista.<\/span><\/p>\n<p><span style=\"color: #999999;\">Desde la asociaci\u00f3n se confirmar\u00e1 via mail o mediante llamada telef\u00f3nica la inscripci\u00f3n. Unos\u00a0d\u00edas antes\u00a0del curso se mandar\u00e1 un correo recordando fechas y horarios.<\/span><\/p>\n<p><span style=\"color: #999999;\"><b><i>\u00a1An\u00edmate a aprender fotograf\u00eda digital!<\/i><\/b><\/span><\/p>\n<h4><span style=\"color: #ffcc99;\"><a style=\"color: #ffcc99;\" href=\"https:\/\/www.federacionfotovasca.org\/wp-content\/uploads\/2014\/11\/Formulario-de-inscripci\u00f3n-photoshop.doc\">Formulario-de-inscripci\u00f3n-photoshop<\/a><\/span><\/h4>\n<p><a href=\"http:\/\/www.sfalavesa.es\" target=\"_blank\"><img loading=\"lazy\" decoding=\"async\" class=\"alignnone size-full wp-image-7033\" src=\"https:\/\/www.federacionfotovasca.org\/wp-content\/uploads\/2014\/10\/SFA.jpg\" alt=\"SFA\" width=\"220\" height=\"88\" \/><\/a><\/p>\n<div><span style=\"color: #3366ff;\">Oficina: lunes a viernes, de 17:00h a 20:00h<\/span><\/div>\n<div><span style=\"color: #3366ff;\">Telef:\u00a0<a style=\"color: #3366ff;\" href=\"tel:945243922\" target=\"_blank\">945243922<\/a><\/span><\/div>\n<div><span style=\"color: #3366ff;\"><b><a style=\"color: #3366ff;\" href=\"http:\/\/www.sfalavesa.es\/\" target=\"_blank\">www.sfalavesa.es<\/a><\/b><\/span><\/div>\n<div><span style=\"color: #3366ff;\"><b><a style=\"color: #3366ff;\" href=\"mailto:sociedadfotografica@gmail.com\" target=\"_blank\">sociedadfotografica@gmail.com<\/a><\/b><\/span><\/div>\n","protected":false},"excerpt":{"rendered":"<p>En este curso, apto para\u00a0aquellos que hayan realizado alg\u00fan curso de iniciaci\u00f3n\u00a0a la fotograf\u00eda digital\u00a0\u00a0y deseen ampliar y seguir adelante,\u00a0aprender\u00e1s\u00a0las nociones b\u00e1sicas del retoque fotogr\u00e1fico, a\u00a0trabajar\u00a0con archivos RAW, a crearte un flujo de trabajo. No lo dejes pasar. Si quieres &hellip; <a href=\"https:\/\/blog.federacionfotovasca.org\/eu\/curso-intensivo-de-iniciacion-a-photoshop-13-y-14-de-diciembre-sfa\/\">Continue reading <span class=\"meta-nav\">&rarr;<\/span><\/a><\/p>\n","protected":false},"author":1,"featured_media":0,"comment_status":"open","ping_status":"open","sticky":false,"template":"","format":"standard","meta":{"footnotes":""},"categories":[39],"tags":[421,19,144],"class_list":["post-7764","post","type-post","status-publish","format-standard","hentry","category-cursos","tag-cursos","tag-photoshop","tag-vitoria-gasteiz"],"_links":{"self":[{"href":"https:\/\/blog.federacionfotovasca.org\/eu\/wp-json\/wp\/v2\/posts\/7764","targetHints":{"allow":["GET"]}}],"collection":[{"href":"https:\/\/blog.federacionfotovasca.org\/eu\/wp-json\/wp\/v2\/posts"}],"about":[{"href":"https:\/\/blog.federacionfotovasca.org\/eu\/wp-json\/wp\/v2\/types\/post"}],"author":[{"embeddable":true,"href":"https:\/\/blog.federacionfotovasca.org\/eu\/wp-json\/wp\/v2\/users\/1"}],"replies":[{"embeddable":true,"href":"https:\/\/blog.federacionfotovasca.org\/eu\/wp-json\/wp\/v2\/comments?post=7764"}],"version-history":[{"count":1,"href":"https:\/\/blog.federacionfotovasca.org\/eu\/wp-json\/wp\/v2\/posts\/7764\/revisions"}],"predecessor-version":[{"id":7769,"href":"https:\/\/blog.federacionfotovasca.org\/eu\/wp-json\/wp\/v2\/posts\/7764\/revisions\/7769"}],"wp:attachment":[{"href":"https:\/\/blog.federacionfotovasca.org\/eu\/wp-json\/wp\/v2\/media?parent=7764"}],"wp:term":[{"taxonomy":"category","embeddable":true,"href":"https:\/\/blog.federacionfotovasca.org\/eu\/wp-json\/wp\/v2\/categories?post=7764"},{"taxonomy":"post_tag","embeddable":true,"href":"https:\/\/blog.federacionfotovasca.org\/eu\/wp-json\/wp\/v2\/tags?post=7764"}],"curies":[{"name":"wp","href":"https:\/\/api.w.org\/{rel}","templated":true}]}}