{"id":9033,"date":"2015-06-29T15:21:03","date_gmt":"2015-06-29T13:21:03","guid":{"rendered":"https:\/\/www.federacionfotovasca.org\/?p=9033"},"modified":"2015-06-29T15:27:54","modified_gmt":"2015-06-29T13:27:54","slug":"cvcephoto-contest","status":"publish","type":"post","link":"https:\/\/blog.federacionfotovasca.org\/eu\/cvcephoto-contest\/","title":{"rendered":"CVCEPHOTO CONTEST"},"content":{"rendered":"<div>\u00a0Ya puedes ver la galer\u00eda y el v\u00eddeo oficial en nuestra web:<\/div>\n<div>\n<div>\n<div><span style=\"color: #ccffcc;\"><a style=\"color: #ccffcc;\" href=\"http:\/\/www.cvcephoto.com\/index.php\/engl\/\" target=\"_blank\">http:\/\/www.cvcephoto.com\/<wbr \/>index.php\/engl\/<\/a><\/span><\/div>\n<\/div>\n<\/div>\n<div><b>\u00a0Deseamos que te guste !!<\/b><\/div>\n<div><\/div>\n<div>\n<div dir=\"ltr\">\u00a0Puedes visitar el facebook del concurso :\u00a0\u00a0<span style=\"color: #99ccff;\"><a style=\"color: #99ccff;\" href=\"https:\/\/www.facebook.com\/CVCEPHOTO\" target=\"_blank\">https:\/\/www.facebook.com\/<wbr \/>CVCEPHOTO<\/a><\/span><\/div>\n<div dir=\"ltr\">\u00a0Las fotograf\u00edas de la Ceremonia:\u00a0<span style=\"color: #cc99ff;\"><a style=\"color: #cc99ff;\" href=\"https:\/\/www.flickr.com\/photos\/133501191%40N06\/sets\/72157652735399984\/\" target=\"_blank\">https:\/\/www.flickr.<wbr \/>com\/photos\/133501191@N06\/sets\/<wbr \/>72157652735399984\/<\/a><\/span><\/div>\n<div dir=\"ltr\"><\/div>\n<div dir=\"ltr\">\u00a0Como dato indicar que han sido m\u00e1s de 700 fotograf\u00edas presentadas de 273 fot\u00f3grafos de 52 pa\u00edses.<\/div>\n<div dir=\"ltr\">\n<div dir=\"ltr\">\n<div dir=\"ltr\">\n<div dir=\"ltr\">\n<div dir=\"ltr\">\n<div dir=\"ltr\">\n<div dir=\"ltr\">\n<div dir=\"ltr\">\n<div dir=\"ltr\">\n<div dir=\"ltr\">\n<div>Saludos<\/div>\n<div dir=\"ltr\">\n<div dir=\"ltr\">\n<div dir=\"ltr\">\n<div dir=\"ltr\">\n<div dir=\"ltr\">\n<div dir=\"ltr\">\n<div dir=\"ltr\">\n<div>Xabier Mata<\/div>\n<div>Director de CVCEPHOTO<\/div>\n<div><img loading=\"lazy\" decoding=\"async\" class=\"alignnone size-full wp-image-9034\" src=\"https:\/\/www.federacionfotovasca.org\/wp-content\/uploads\/2015\/06\/CVCEPhoto.jpg\" alt=\"CVCEPhoto\" width=\"500\" height=\"120\" srcset=\"https:\/\/blog.federacionfotovasca.org\/wp-content\/uploads\/2015\/06\/CVCEPhoto.jpg 500w, https:\/\/blog.federacionfotovasca.org\/wp-content\/uploads\/2015\/06\/CVCEPhoto-300x72.jpg 300w\" sizes=\"auto, (max-width: 500px) 100vw, 500px\" \/><\/div>\n<\/div>\n<\/div>\n<\/div>\n<\/div>\n<\/div>\n<\/div>\n<\/div>\n<\/div>\n<\/div>\n<\/div>\n<\/div>\n<\/div>\n<\/div>\n<\/div>\n<\/div>\n<\/div>\n<\/div>\n<\/div>\n","protected":false},"excerpt":{"rendered":"<p>\u00a0Ya puedes ver la galer\u00eda y el v\u00eddeo oficial en nuestra web: http:\/\/www.cvcephoto.com\/index.php\/engl\/ \u00a0Deseamos que te guste !! \u00a0Puedes visitar el facebook del concurso :\u00a0\u00a0https:\/\/www.facebook.com\/CVCEPHOTO \u00a0Las fotograf\u00edas de la Ceremonia:\u00a0https:\/\/www.flickr.com\/photos\/133501191@N06\/sets\/72157652735399984\/ \u00a0Como dato indicar que han sido m\u00e1s de 700 fotograf\u00edas &hellip; <a href=\"https:\/\/blog.federacionfotovasca.org\/eu\/cvcephoto-contest\/\">Continue reading <span class=\"meta-nav\">&rarr;<\/span><\/a><\/p>\n","protected":false},"author":1,"featured_media":0,"comment_status":"open","ping_status":"open","sticky":false,"template":"","format":"standard","meta":{"footnotes":""},"categories":[36],"tags":[419,323,288],"class_list":["post-9033","post","type-post","status-publish","format-standard","hentry","category-concursos","tag-concursos","tag-cvcephoto","tag-xabier-mata"],"_links":{"self":[{"href":"https:\/\/blog.federacionfotovasca.org\/eu\/wp-json\/wp\/v2\/posts\/9033","targetHints":{"allow":["GET"]}}],"collection":[{"href":"https:\/\/blog.federacionfotovasca.org\/eu\/wp-json\/wp\/v2\/posts"}],"about":[{"href":"https:\/\/blog.federacionfotovasca.org\/eu\/wp-json\/wp\/v2\/types\/post"}],"author":[{"embeddable":true,"href":"https:\/\/blog.federacionfotovasca.org\/eu\/wp-json\/wp\/v2\/users\/1"}],"replies":[{"embeddable":true,"href":"https:\/\/blog.federacionfotovasca.org\/eu\/wp-json\/wp\/v2\/comments?post=9033"}],"version-history":[{"count":1,"href":"https:\/\/blog.federacionfotovasca.org\/eu\/wp-json\/wp\/v2\/posts\/9033\/revisions"}],"predecessor-version":[{"id":9041,"href":"https:\/\/blog.federacionfotovasca.org\/eu\/wp-json\/wp\/v2\/posts\/9033\/revisions\/9041"}],"wp:attachment":[{"href":"https:\/\/blog.federacionfotovasca.org\/eu\/wp-json\/wp\/v2\/media?parent=9033"}],"wp:term":[{"taxonomy":"category","embeddable":true,"href":"https:\/\/blog.federacionfotovasca.org\/eu\/wp-json\/wp\/v2\/categories?post=9033"},{"taxonomy":"post_tag","embeddable":true,"href":"https:\/\/blog.federacionfotovasca.org\/eu\/wp-json\/wp\/v2\/tags?post=9033"}],"curies":[{"name":"wp","href":"https:\/\/api.w.org\/{rel}","templated":true}]}}