{"id":9309,"date":"2015-09-10T14:29:33","date_gmt":"2015-09-10T12:29:33","guid":{"rendered":"https:\/\/www.federacionfotovasca.org\/?p=9309"},"modified":"2015-09-10T14:36:57","modified_gmt":"2015-09-10T12:36:57","slug":"concurso-de-fotografia-villa-de-conil","status":"publish","type":"post","link":"https:\/\/blog.federacionfotovasca.org\/eu\/concurso-de-fotografia-villa-de-conil\/","title":{"rendered":"CONCURSO DE FOTOGRAFIA VILLA DE CONIL"},"content":{"rendered":"<p style=\"text-align: right;\"><a href=\"http:\/\/turismo.conil.org\" target=\"_blank\"><img loading=\"lazy\" decoding=\"async\" class=\" size-full wp-image-9310 alignleft\" src=\"https:\/\/www.federacionfotovasca.org\/wp-content\/uploads\/2015\/09\/Conil.gif\" alt=\"Conil\" width=\"169\" height=\"86\" \/><\/a>\u00a0\u00a0 <strong>PATRONATO MUNICIPAL DE TURISMO<br \/>\nc\/ Carretera, 1 \u00b7 11140 Conil de la Frontera (C\u00e1diz)<br \/>\nTel. 956 44 05 01 \u00b7 Fax. <\/strong><strong>956 44 05 00<\/strong><a href=\"http:\/\/turismo.conil.org\" target=\"_blank\"><strong><br \/>\n<\/strong><\/a><strong>Email: <\/strong><strong><a href=\"mailto:turismo@conil.org\" target=\"_blank\">turismo@conil.org<\/a><\/strong><\/p>\n<p>.<\/p>\n<p>Adjunto remito bases del CONCURSO DE FOTOGRAF\u00cdA VILLA DE CONIL junto con el resto de documentos necesarios para participar, por si est\u00e1 interesado\/a en el mismo, rog\u00e1ndole su colaboraci\u00f3n en su difusi\u00f3n.<br \/>\nAtentamente<br \/>\nDiana Andi\u00f3n Sanmart\u00edn?Gerente del Patronato Municipal de Turismo<br \/>\n<a href=\"http:\/\/www.conil.org\/\" target=\"_blank\">Excmo. Ayuntamiento de Conil de la Frontera<\/a><\/p>\n<p><a href=\"https:\/\/www.federacionfotovasca.org\/wp-content\/uploads\/2015\/09\/BASES-CONCURSO-2015_difusion-01.jpg\" target=\"_blank\"><img loading=\"lazy\" decoding=\"async\" class=\"alignnone  wp-image-9311\" src=\"https:\/\/www.federacionfotovasca.org\/wp-content\/uploads\/2015\/09\/BASES-CONCURSO-2015_difusion-01-940x658.jpg\" alt=\"Maquetaci\u00f3n 1\" width=\"343\" height=\"240\" \/><\/a> <a href=\"https:\/\/www.federacionfotovasca.org\/wp-content\/uploads\/2015\/09\/BASES-CONCURSO-2015_difusion-02.jpg\" target=\"_blank\"><img loading=\"lazy\" decoding=\"async\" class=\"alignnone  wp-image-9312\" src=\"https:\/\/www.federacionfotovasca.org\/wp-content\/uploads\/2015\/09\/BASES-CONCURSO-2015_difusion-02-940x658.jpg\" alt=\"Maquetaci\u00f3n 1\" width=\"339\" height=\"237\" \/><\/a><a href=\"https:\/\/www.federacionfotovasca.org\/wp-content\/uploads\/2015\/09\/CARTEL-FOTOGRAFIA-2015_difusionp.jpg\" target=\"_blank\"><img loading=\"lazy\" decoding=\"async\" class=\"  wp-image-9315 alignright\" src=\"https:\/\/www.federacionfotovasca.org\/wp-content\/uploads\/2015\/09\/CARTEL-FOTOGRAFIA-2015_difusionp.jpg\" alt=\"CARTEL FOTOGRAFIA 2015_difusionp\" width=\"163\" height=\"232\" \/><\/a><\/p>\n<p>[pdf-embedder url=&#8221;https:\/\/www.federacionfotovasca.org\/wp-content\/uploads\/2015\/09\/DOCUMENTO-LEGAL-A-FIRMAR.doc&#8221;]<\/p>\n<p>[pdf-embedder url=&#8221;https:\/\/www.federacionfotovasca.org\/wp-content\/uploads\/2015\/09\/ficha-inscripcion-para-enviar.doc&#8221;]<\/p>\n<div id=\"link64_adl_tabid\" style=\"display: none;\" data-url=\"https:\/\/www.federacionfotovasca.org\/wp-admin\/post.php?post=9309&amp;action=edit\">134<\/div>\n","protected":false},"excerpt":{"rendered":"<p>\u00a0\u00a0 PATRONATO MUNICIPAL DE TURISMO c\/ Carretera, 1 \u00b7 11140 Conil de la Frontera (C\u00e1diz) Tel. 956 44 05 01 \u00b7 Fax. 956 44 05 00 Email: turismo@conil.org . Adjunto remito bases del CONCURSO DE FOTOGRAF\u00cdA VILLA DE CONIL junto &hellip; <a href=\"https:\/\/blog.federacionfotovasca.org\/eu\/concurso-de-fotografia-villa-de-conil\/\">Continue reading <span class=\"meta-nav\">&rarr;<\/span><\/a><\/p>\n","protected":false},"author":1,"featured_media":0,"comment_status":"open","ping_status":"open","sticky":false,"template":"","format":"standard","meta":{"footnotes":""},"categories":[36],"tags":[347,419,346],"class_list":["post-9309","post","type-post","status-publish","format-standard","hentry","category-concursos","tag-cadiz","tag-concursos","tag-conil"],"_links":{"self":[{"href":"https:\/\/blog.federacionfotovasca.org\/eu\/wp-json\/wp\/v2\/posts\/9309","targetHints":{"allow":["GET"]}}],"collection":[{"href":"https:\/\/blog.federacionfotovasca.org\/eu\/wp-json\/wp\/v2\/posts"}],"about":[{"href":"https:\/\/blog.federacionfotovasca.org\/eu\/wp-json\/wp\/v2\/types\/post"}],"author":[{"embeddable":true,"href":"https:\/\/blog.federacionfotovasca.org\/eu\/wp-json\/wp\/v2\/users\/1"}],"replies":[{"embeddable":true,"href":"https:\/\/blog.federacionfotovasca.org\/eu\/wp-json\/wp\/v2\/comments?post=9309"}],"version-history":[{"count":1,"href":"https:\/\/blog.federacionfotovasca.org\/eu\/wp-json\/wp\/v2\/posts\/9309\/revisions"}],"predecessor-version":[{"id":9327,"href":"https:\/\/blog.federacionfotovasca.org\/eu\/wp-json\/wp\/v2\/posts\/9309\/revisions\/9327"}],"wp:attachment":[{"href":"https:\/\/blog.federacionfotovasca.org\/eu\/wp-json\/wp\/v2\/media?parent=9309"}],"wp:term":[{"taxonomy":"category","embeddable":true,"href":"https:\/\/blog.federacionfotovasca.org\/eu\/wp-json\/wp\/v2\/categories?post=9309"},{"taxonomy":"post_tag","embeddable":true,"href":"https:\/\/blog.federacionfotovasca.org\/eu\/wp-json\/wp\/v2\/tags?post=9309"}],"curies":[{"name":"wp","href":"https:\/\/api.w.org\/{rel}","templated":true}]}}