{"id":9332,"date":"2015-09-10T15:31:54","date_gmt":"2015-09-10T13:31:54","guid":{"rendered":"https:\/\/www.federacionfotovasca.org\/?p=9332"},"modified":"2015-09-10T15:31:54","modified_gmt":"2015-09-10T13:31:54","slug":"iv-argazki-lehiaketa-errebote-jokoa-concurso-de-fotografia-juego-de-rebote","status":"publish","type":"post","link":"https:\/\/blog.federacionfotovasca.org\/eu\/iv-argazki-lehiaketa-errebote-jokoa-concurso-de-fotografia-juego-de-rebote\/","title":{"rendered":"IV ARGAZKI LEHIAKETA &#8220;ERREBOTE JOKOA \/ CONCURSO DE FOTOGRAFIA &#8220;JUEGO DE REBOTE&#8221;"},"content":{"rendered":"<p>Hasita do 52.Enrique Abril txapelketa . Errebote txapelketa. Modalitate zaharrenetariko bat. <a href=\"https:\/\/www.federacionfotovasca.org\/wp-content\/uploads\/2015\/09\/Enrique-Abril-2015-Egutegia.jpg\" target=\"_blank\"><img loading=\"lazy\" decoding=\"async\" class=\"  wp-image-9334 alignright\" src=\"https:\/\/www.federacionfotovasca.org\/wp-content\/uploads\/2015\/09\/Enrique-Abril-2015-Egutegia-940x1169.jpg\" alt=\"Enrique Abril 2015 Egutegia\" width=\"124\" height=\"154\" \/><\/a><\/p>\n<p>Beste urtetan bezalaxe aurten ere &#8220;Errebote Jokoa&#8221; buruzko argazki lehiaketa antolatu dugu.<\/p>\n<p>Korreo honetan bidaltzen dut 52. &#8220;Enrique Abril&#8221; txapelketako egutegia eta Argazki lehiaketaren oinarriak eta kartela<strong>.<\/strong><\/p>\n<p style=\"text-align: left;\">Beharzana elkartea<\/p>\n<p style=\"text-align: center;\"><strong>&#8212;&#8212;&#8212;&#8212;&#8212;&#8212;&#8212;&#8212;&#8212;&#8212;&#8212;&#8212;&#8212;&#8212;&#8212;&#8212;&#8212;&#8212;&#8212;&#8212;&#8212;&#8212;&#8212;&#8212;&#8212;&#8212;&#8212;&#8212;&#8212;&#8212;&#8212;&#8212;&#8212;&#8212;&#8212;<\/strong><\/p>\n<p>Comenzado el torneo Enrique Abril de la modalidad de Rebote.<\/p>\n<p>Este a\u00f1o tambi\u00e9n hemos organizado el concurso de fotograf\u00eda sobre el \u201cJuego del Rebote\u201d una de las modalidades \u00a0de pelota m\u00e1s antiguas.<\/p>\n<p>Env\u00edo en este correo el calendario del 52 Torneo \u201cEnrique Abril\u201d as\u00ed como las bases del concurso y el cartel.<\/p>\n<p>Sociedad Beharzana<\/p>\n<p><span class=\"HOEnZb adL\"><span style=\"color: #888888;\"><b><i><span style=\"font-family: comic sans ms,sans-serif; font-size: small;\">BEHAR &#8211; ZANA P.E.<\/span><\/i><\/b><br \/>\n<\/span><\/span><\/p>\n<div><b><span style=\"font-family: comic sans ms,sans-serif; font-size: small;\"><i>Aldude 1\u00a0<\/i><\/span><\/b><\/div>\n<div><b><span style=\"font-family: comic sans ms,sans-serif; font-size: small;\"><i>postakutxa,88 &#8211; 20150 VILLABONA<\/i><\/span><\/b><\/div>\n<div><b><span style=\"font-family: comic sans ms,sans-serif; font-size: small;\"><i>(Gipuzkoa)<\/i><\/span><\/b><\/div>\n<div><b><span style=\"font-family: comic sans ms,sans-serif; font-size: small;\"><i>Telf: <a href=\"tel:688%20626%20531\" target=\"_blank\">688 626 531<\/a> \/<a href=\"tel:688%20626%20437\" target=\"_blank\">688 626 437<\/a><\/i><\/span><\/b><\/div>\n<div><b><span style=\"font-family: comic sans ms,sans-serif; font-size: small;\"><i>Email:\u00a0<\/i><\/span><\/b><b><span style=\"color: #0000ff; font-family: comic sans ms,sans-serif; font-size: small;\"><i><a href=\"mailto:beharzan@gmail.com\" target=\"_blank\">beharzana@gmail.com<\/a><\/i><\/span><\/b><b><span style=\"font-family: comic sans ms,sans-serif; font-size: small;\"><i><br \/>\n<\/i><\/span><\/b><\/div>\n<div><b><span style=\"font-family: comic sans ms,sans-serif; font-size: small;\"><i>Web:\u00a0<\/i><\/span><\/b><span style=\"color: #0000ee; font-family: comic sans ms,sans-serif; font-size: small;\"><b><i><u><a href=\"http:\/\/beharzana.wordpress.com\" target=\"_blank\">beharzana.wordpress.com<\/a><\/u><\/i><\/b><\/span><\/div>\n<p>&nbsp;<\/p>\n<p>[pdf-embedder url=&#8221;https:\/\/www.federacionfotovasca.org\/wp-content\/uploads\/2015\/09\/Concurso-Fotografico-2015.docx&#8221;]<\/p>\n<p>[pdf-embedder url=&#8221;https:\/\/www.federacionfotovasca.org\/wp-content\/uploads\/2015\/09\/oinarriak-Argazki-Lehiaketa-2015.docx&#8221;]<\/p>\n<p>[pdf-embedder url=&#8221;https:\/\/www.federacionfotovasca.org\/wp-content\/uploads\/2015\/09\/KARTELA-2015.pptx&#8221;]<\/p>\n<div id=\"link64_adl_tabid\" style=\"display: none;\" data-url=\"https:\/\/www.federacionfotovasca.org\/wp-admin\/post-new.php\">333<\/div>\n","protected":false},"excerpt":{"rendered":"<p>Hasita do 52.Enrique Abril txapelketa . Errebote txapelketa. Modalitate zaharrenetariko bat. Beste urtetan bezalaxe aurten ere &#8220;Errebote Jokoa&#8221; buruzko argazki lehiaketa antolatu dugu. Korreo honetan bidaltzen dut 52. &#8220;Enrique Abril&#8221; txapelketako egutegia eta Argazki lehiaketaren oinarriak eta kartela. Beharzana elkartea &hellip; <a href=\"https:\/\/blog.federacionfotovasca.org\/eu\/iv-argazki-lehiaketa-errebote-jokoa-concurso-de-fotografia-juego-de-rebote\/\">Continue reading <span class=\"meta-nav\">&rarr;<\/span><\/a><\/p>\n","protected":false},"author":1,"featured_media":0,"comment_status":"open","ping_status":"open","sticky":false,"template":"","format":"standard","meta":{"footnotes":""},"categories":[36],"tags":[419,349],"class_list":["post-9332","post","type-post","status-publish","format-standard","hentry","category-concursos","tag-concursos","tag-juego-de-rebote"],"_links":{"self":[{"href":"https:\/\/blog.federacionfotovasca.org\/eu\/wp-json\/wp\/v2\/posts\/9332","targetHints":{"allow":["GET"]}}],"collection":[{"href":"https:\/\/blog.federacionfotovasca.org\/eu\/wp-json\/wp\/v2\/posts"}],"about":[{"href":"https:\/\/blog.federacionfotovasca.org\/eu\/wp-json\/wp\/v2\/types\/post"}],"author":[{"embeddable":true,"href":"https:\/\/blog.federacionfotovasca.org\/eu\/wp-json\/wp\/v2\/users\/1"}],"replies":[{"embeddable":true,"href":"https:\/\/blog.federacionfotovasca.org\/eu\/wp-json\/wp\/v2\/comments?post=9332"}],"version-history":[{"count":1,"href":"https:\/\/blog.federacionfotovasca.org\/eu\/wp-json\/wp\/v2\/posts\/9332\/revisions"}],"predecessor-version":[{"id":9337,"href":"https:\/\/blog.federacionfotovasca.org\/eu\/wp-json\/wp\/v2\/posts\/9332\/revisions\/9337"}],"wp:attachment":[{"href":"https:\/\/blog.federacionfotovasca.org\/eu\/wp-json\/wp\/v2\/media?parent=9332"}],"wp:term":[{"taxonomy":"category","embeddable":true,"href":"https:\/\/blog.federacionfotovasca.org\/eu\/wp-json\/wp\/v2\/categories?post=9332"},{"taxonomy":"post_tag","embeddable":true,"href":"https:\/\/blog.federacionfotovasca.org\/eu\/wp-json\/wp\/v2\/tags?post=9332"}],"curies":[{"name":"wp","href":"https:\/\/api.w.org\/{rel}","templated":true}]}}