{"id":9564,"date":"2015-10-07T18:41:46","date_gmt":"2015-10-07T16:41:46","guid":{"rendered":"https:\/\/www.federacionfotovasca.org\/?p=9564"},"modified":"2015-10-07T18:41:46","modified_gmt":"2015-10-07T16:41:46","slug":"ikatza-legazpi-rally-fotografico","status":"publish","type":"post","link":"https:\/\/blog.federacionfotovasca.org\/eu\/ikatza-legazpi-rally-fotografico\/","title":{"rendered":"Ikatza Legazpi &#8211; Rally Fotogr\u00e1fico"},"content":{"rendered":"<p><a href=\"http:\/\/ikatza.net\/\" target=\"_blank\"><img loading=\"lazy\" decoding=\"async\" class=\"alignnone size-full wp-image-8638\" src=\"https:\/\/www.federacionfotovasca.org\/wp-content\/uploads\/2015\/05\/Ikatza.jpg\" alt=\"Ikatza\" width=\"600\" height=\"150\" srcset=\"https:\/\/blog.federacionfotovasca.org\/wp-content\/uploads\/2015\/05\/Ikatza.jpg 600w, https:\/\/blog.federacionfotovasca.org\/wp-content\/uploads\/2015\/05\/Ikatza-300x75.jpg 300w\" sizes=\"auto, (max-width: 600px) 100vw, 600px\" \/><\/a><\/p>\n<p>Kaixo!! Honan hemen aurtengo Ikatzako Rallyen epaimak hartutako emaitzak.<\/p>\n<div><\/div>\n<div>Urriaren 16an izango da Proyekzioa eta Sari banaketa arratsaldeko 7etan Kultur Etxean<\/div>\n<div><\/div>\n<div style=\"text-align: center;\">\u00a0 \u00a0 \u00a0&#8212;&#8212;&#8212;&#8212;&#8212;&#8212;&#8212;&#8212;&#8212;&#8211;<wbr \/>&#8212;&#8212;&#8212;&#8212;&#8212;&#8212;&#8212;&#8212;&#8212;&#8212;<wbr \/>&#8212;&#8212;&#8212;&#8212;&#8212;&#8212;&#8212;-<\/div>\n<div><\/div>\n<div>Kaixo! Adjunto resulltados del Rally de Ikatza celebrado este a\u00f1o .<\/div>\n<div><\/div>\n<div>El pr\u00f3ximo 16 de Abril, viernes, ser\u00e1 la proyecci\u00f3n y posterior entrega de premios.<\/div>\n<div><\/div>\n<div>Un saludo !!<\/div>\n<div>[pdf-embedder url=&#8221;https:\/\/www.federacionfotovasca.org\/wp-content\/uploads\/2015\/10\/IKATZA-Rally2015_HELDUAK-JURADO-copia.xls&#8221;]<\/div>\n<div id=\"link64_adl_tabid\" style=\"display: none;\" data-url=\"https:\/\/www.federacionfotovasca.org\/wp-admin\/post-new.php\">181<\/div>\n","protected":false},"excerpt":{"rendered":"<p>Kaixo!! Honan hemen aurtengo Ikatzako Rallyen epaimak hartutako emaitzak. Urriaren 16an izango da Proyekzioa eta Sari banaketa arratsaldeko 7etan Kultur Etxean \u00a0 \u00a0 \u00a0&#8212;&#8212;&#8212;&#8212;&#8212;&#8212;&#8212;&#8212;&#8212;&#8211;&#8212;&#8212;&#8212;&#8212;&#8212;&#8212;&#8212;&#8212;&#8212;&#8212;&#8212;&#8212;&#8212;&#8212;&#8212;&#8212;&#8212;- Kaixo! Adjunto resulltados del Rally de Ikatza celebrado este a\u00f1o . El pr\u00f3ximo 16 de Abril, &hellip; <a href=\"https:\/\/blog.federacionfotovasca.org\/eu\/ikatza-legazpi-rally-fotografico\/\">Continue reading <span class=\"meta-nav\">&rarr;<\/span><\/a><\/p>\n","protected":false},"author":1,"featured_media":0,"comment_status":"open","ping_status":"open","sticky":false,"template":"","format":"standard","meta":{"footnotes":""},"categories":[185],"tags":[340,131,58],"class_list":["post-9564","post","type-post","status-publish","format-standard","hentry","category-rallye","tag-ikatza","tag-legazpi","tag-rally-fotografico"],"_links":{"self":[{"href":"https:\/\/blog.federacionfotovasca.org\/eu\/wp-json\/wp\/v2\/posts\/9564","targetHints":{"allow":["GET"]}}],"collection":[{"href":"https:\/\/blog.federacionfotovasca.org\/eu\/wp-json\/wp\/v2\/posts"}],"about":[{"href":"https:\/\/blog.federacionfotovasca.org\/eu\/wp-json\/wp\/v2\/types\/post"}],"author":[{"embeddable":true,"href":"https:\/\/blog.federacionfotovasca.org\/eu\/wp-json\/wp\/v2\/users\/1"}],"replies":[{"embeddable":true,"href":"https:\/\/blog.federacionfotovasca.org\/eu\/wp-json\/wp\/v2\/comments?post=9564"}],"version-history":[{"count":1,"href":"https:\/\/blog.federacionfotovasca.org\/eu\/wp-json\/wp\/v2\/posts\/9564\/revisions"}],"predecessor-version":[{"id":9567,"href":"https:\/\/blog.federacionfotovasca.org\/eu\/wp-json\/wp\/v2\/posts\/9564\/revisions\/9567"}],"wp:attachment":[{"href":"https:\/\/blog.federacionfotovasca.org\/eu\/wp-json\/wp\/v2\/media?parent=9564"}],"wp:term":[{"taxonomy":"category","embeddable":true,"href":"https:\/\/blog.federacionfotovasca.org\/eu\/wp-json\/wp\/v2\/categories?post=9564"},{"taxonomy":"post_tag","embeddable":true,"href":"https:\/\/blog.federacionfotovasca.org\/eu\/wp-json\/wp\/v2\/tags?post=9564"}],"curies":[{"name":"wp","href":"https:\/\/api.w.org\/{rel}","templated":true}]}}