{"id":9568,"date":"2015-10-07T18:44:12","date_gmt":"2015-10-07T16:44:12","guid":{"rendered":"https:\/\/www.federacionfotovasca.org\/?p=9568"},"modified":"2015-10-07T18:45:22","modified_gmt":"2015-10-07T16:45:22","slug":"exposicion-fotografica-imagenes-de-txingudi-txingudiko-irudiak-afi","status":"publish","type":"post","link":"https:\/\/blog.federacionfotovasca.org\/eu\/exposicion-fotografica-imagenes-de-txingudi-txingudiko-irudiak-afi\/","title":{"rendered":"Exposici\u00f3n Fotogr\u00e1fica en Laboral Kutxa \u201cIm\u00e1genes de Txingudi \u2013 Txingudiko Irudiak\u201d &#8211; AFI"},"content":{"rendered":"<p><a href=\"http:\/\/www.afi-iae.com\/\" target=\"_blank\"><img loading=\"lazy\" decoding=\"async\" class=\"alignnone size-full wp-image-7832\" src=\"https:\/\/www.federacionfotovasca.org\/wp-content\/uploads\/2014\/12\/AFI.png\" alt=\"AFI\" width=\"722\" height=\"92\" srcset=\"https:\/\/blog.federacionfotovasca.org\/wp-content\/uploads\/2014\/12\/AFI.png 722w, https:\/\/blog.federacionfotovasca.org\/wp-content\/uploads\/2014\/12\/AFI-300x38.png 300w, https:\/\/blog.federacionfotovasca.org\/wp-content\/uploads\/2014\/12\/AFI-620x79.png 620w, https:\/\/blog.federacionfotovasca.org\/wp-content\/uploads\/2014\/12\/AFI-720x92.png 720w\" sizes=\"auto, (max-width: 722px) 100vw, 722px\" \/><\/a><\/p>\n<p><strong>La AFI inaugura, el 30 de septiembre, una exposici\u00f3n fotogr\u00e1fica colectiva formada por im\u00e1genes tomadas por sus socios y que reflejan diversos aspectos de las tres ciudades del Txingudi: Irun, Hondarribia y Hendaya.<\/strong><\/p>\n<p>La muestra podr\u00e1 visitarse, hasta el <span style=\"color: #ffff00;\">11 de octubre<\/span>, en la sala de Laboral Kutxa (Paseo de Col\u00f3n, Irun). La entrada es libre.<\/p>\n<p>M\u00e1s informaci\u00f3n en:\u00a0<a href=\"http:\/\/www.afi-iae.com\/\" target=\"_blank\">www.afi-iae.com<\/a><\/p>\n<p>Un saludo,<\/p>\n<p>Gerardo Garc\u00eda (Presidente de AFI)<\/p>\n<div id=\"link64_adl_tabid\" style=\"display: none;\" data-url=\"https:\/\/www.federacionfotovasca.org\/wp-admin\/post.php?post=9568&amp;action=edit\">201<\/div>\n","protected":false},"excerpt":{"rendered":"<p>La AFI inaugura, el 30 de septiembre, una exposici\u00f3n fotogr\u00e1fica colectiva formada por im\u00e1genes tomadas por sus socios y que reflejan diversos aspectos de las tres ciudades del Txingudi: Irun, Hondarribia y Hendaya. La muestra podr\u00e1 visitarse, hasta el 11 &hellip; <a href=\"https:\/\/blog.federacionfotovasca.org\/eu\/exposicion-fotografica-imagenes-de-txingudi-txingudiko-irudiak-afi\/\">Continue reading <span class=\"meta-nav\">&rarr;<\/span><\/a><\/p>\n","protected":false},"author":1,"featured_media":0,"comment_status":"open","ping_status":"open","sticky":false,"template":"","format":"standard","meta":{"footnotes":""},"categories":[26],"tags":[4,38],"class_list":["post-9568","post","type-post","status-publish","format-standard","hentry","category-expocisiones","tag-exposiciones","tag-irun"],"_links":{"self":[{"href":"https:\/\/blog.federacionfotovasca.org\/eu\/wp-json\/wp\/v2\/posts\/9568","targetHints":{"allow":["GET"]}}],"collection":[{"href":"https:\/\/blog.federacionfotovasca.org\/eu\/wp-json\/wp\/v2\/posts"}],"about":[{"href":"https:\/\/blog.federacionfotovasca.org\/eu\/wp-json\/wp\/v2\/types\/post"}],"author":[{"embeddable":true,"href":"https:\/\/blog.federacionfotovasca.org\/eu\/wp-json\/wp\/v2\/users\/1"}],"replies":[{"embeddable":true,"href":"https:\/\/blog.federacionfotovasca.org\/eu\/wp-json\/wp\/v2\/comments?post=9568"}],"version-history":[{"count":1,"href":"https:\/\/blog.federacionfotovasca.org\/eu\/wp-json\/wp\/v2\/posts\/9568\/revisions"}],"predecessor-version":[{"id":9570,"href":"https:\/\/blog.federacionfotovasca.org\/eu\/wp-json\/wp\/v2\/posts\/9568\/revisions\/9570"}],"wp:attachment":[{"href":"https:\/\/blog.federacionfotovasca.org\/eu\/wp-json\/wp\/v2\/media?parent=9568"}],"wp:term":[{"taxonomy":"category","embeddable":true,"href":"https:\/\/blog.federacionfotovasca.org\/eu\/wp-json\/wp\/v2\/categories?post=9568"},{"taxonomy":"post_tag","embeddable":true,"href":"https:\/\/blog.federacionfotovasca.org\/eu\/wp-json\/wp\/v2\/tags?post=9568"}],"curies":[{"name":"wp","href":"https:\/\/api.w.org\/{rel}","templated":true}]}}